{"id":3972,"date":"2016-04-28T09:45:33","date_gmt":"2016-04-28T07:45:33","guid":{"rendered":"http:\/\/hanusovice.casd.cz\/?p=3972"},"modified":"2016-06-19T02:50:17","modified_gmt":"2016-06-19T00:50:17","slug":"taskarice-zabi-modelky","status":"publish","type":"post","link":"https:\/\/hanusovice.casd.cz\/?p=3972","title":{"rendered":"Ta\u0161ka\u0159ice \u017eab\u00ed modelky"},"content":{"rendered":"<p>K minul\u00e9mu \u017eab\u00edmu vypr\u00e1v\u011bn\u00ed <a href=\"http:\/\/hanusovice.casd.cz\/?p=3778\" target=\"_blank\">http:\/\/hanusovice.casd.cz\/?p=3778<\/a>\u00a0 jsme dostali veselou \u017eab\u00ed b\u00e1sni\u010dku.<\/p>\n<p>Jak vznikla? Pan\u00ed Vla\u010fce Mr\u0148kov\u00e9, kter\u00e1 m\u00e1 \u017eabky moc r\u00e1da, jsem za\u010d\u00e1tkem dubna poslala jednu fotku z m\u00e9ho arch\u00edvu. Nebyla sice focen\u00e1 na ja\u0159e, byl to lo\u0148sk\u00fd \u010derven, ale je na n\u00ed rybn\u00edk a z n\u011bj se d\u00edv\u00e1 \u017e\u00e1ba se zlat\u00fdma o\u010dima.<\/p>\n<p><a href=\"http:\/\/hanusovice.casd.cz\/wp-content\/uploads\/2016\/04\/\u017eabka.jpg\"><img loading=\"lazy\" decoding=\"async\" class=\"alignnone size-full wp-image-3973\" src=\"http:\/\/hanusovice.casd.cz\/wp-content\/uploads\/2016\/04\/\u017eabka.jpg\" alt=\"\u017eabka\" width=\"1000\" height=\"750\" srcset=\"https:\/\/hanusovice.casd.cz\/wp-content\/uploads\/2016\/04\/\u017eabka.jpg 1000w, https:\/\/hanusovice.casd.cz\/wp-content\/uploads\/2016\/04\/\u017eabka-300x225.jpg 300w\" sizes=\"auto, (max-width: 1000px) 100vw, 1000px\" \/><\/a><\/p>\n<p>Vla\u010fka nelenila a napsala veselou b\u00e1sni\u010dku.<\/p>\n<p>A pokud vyraz\u00edte s fotoapar\u00e1tem k rybn\u00ed\u010dku, jez\u00edrku nebo t\u016f\u0148ce, tak si v t\u00e9 b\u00e1sni\u010dce zam\u011b\u0148te moje jm\u00e9no za svoje<br \/>\na bude to b\u00e1sni\u010dka <strong>jen a jen pro v\u00e1s<\/strong>!<\/p>\n<p>P\u0159eji v\u00e1m, abyste si p\u0159i pozorov\u00e1n\u00ed jarn\u00ed p\u0159\u00edrody u\u017eili i hodn\u011b legrace. Fo\u0165te, pi\u0161te, kreslete &#8211; a pak n\u00e1m to po\u0161lete.<\/p>\n<p>&nbsp;<\/p>\n<p><span style=\"font-family: georgia, palatino; font-size: 14pt; color: #339966;\"><em>Fotila si Bro\u0148ka \u017eabku,<\/em><\/span><\/p>\n<p><span style=\"font-family: georgia, palatino; font-size: 14pt; color: #339966;\"><em>kter\u00e1 ku\u0148ky<\/em><\/span><\/p>\n<p><span style=\"font-family: georgia, palatino; font-size: 14pt; color: #339966;\"><em>lezla z t\u016f\u0148ky.<\/em><\/span><\/p>\n<p>&nbsp;<\/p>\n<p><span style=\"font-family: georgia, palatino; font-size: 14pt; color: #339966;\"><em>Ta \u017eabka se tomu sm\u00e1la<\/em><\/span><\/p>\n<p><span style=\"font-family: georgia, palatino; font-size: 14pt; color: #339966;\"><em>a p\u0159ed Bro\u0148kou p\u00f3zovala.<\/em><\/span><\/p>\n<p><span style=\"font-family: georgia, palatino; font-size: 14pt; color: #339966;\"><em>Zvedla tro\u0161ku\u00a0<\/em><\/span><\/p>\n<p><span style=\"font-family: georgia, palatino; font-size: 14pt; color: #339966;\"><em>jednu no\u017eku,<\/em><\/span><\/p>\n<p><span style=\"font-family: georgia, palatino; font-size: 14pt; color: #339966;\"><em>potom z t\u016f\u0148ky vysko\u010dila,<\/em><\/span><\/p>\n<p><span style=\"font-family: georgia, palatino; font-size: 14pt; color: #339966;\"><em>vesele se zato\u010dila.<\/em><\/span><\/p>\n<p>&nbsp;<\/p>\n<p><span style=\"font-family: georgia, palatino; font-size: 14pt; color: #339966;\"><em>Bro\u0148ka cvak\u00e1 spou\u0161t\u00ed,<\/em><\/span><\/p>\n<p><span style=\"font-family: georgia, palatino; font-size: 14pt; color: #339966;\"><em>\u017eabka miz\u00ed z hou\u0161t\u00ed.<\/em><\/span><\/p>\n<p>&nbsp;<\/p>\n<p>Autorkou b\u00e1sni\u010dky je Vla\u010fka Mr\u0148kov\u00e1<\/p>\n","protected":false},"excerpt":{"rendered":"<p>K minul\u00e9mu \u017eab\u00edmu vypr\u00e1v\u011bn\u00ed http:\/\/hanusovice.casd.cz\/?p=3778\u00a0 jsme dostali veselou \u017eab\u00ed b\u00e1sni\u010dku. Jak vznikla? Pan\u00ed Vla\u010fce Mr\u0148kov\u00e9, kter\u00e1 m\u00e1 \u017eabky moc r\u00e1da, jsem za\u010d\u00e1tkem dubna poslala jednu fotku z m\u00e9ho arch\u00edvu. Nebyla sice focen\u00e1 na ja\u0159e, byl to lo\u0148sk\u00fd \u010derven, ale je na n\u00ed rybn\u00edk a z n\u011bj se d\u00edv\u00e1 \u017e\u00e1ba se zlat\u00fdma o\u010dima. Vla\u010fka nelenila a&hellip;<\/p>\n","protected":false},"author":1,"featured_media":3973,"comment_status":"open","ping_status":"open","sticky":false,"template":"","format":"standard","meta":{"ngg_post_thumbnail":0,"footnotes":""},"categories":[15,1,45],"tags":[],"class_list":["post-3972","post","type-post","status-publish","format-standard","has-post-thumbnail","hentry","category-deti","category-nezarazene","category-zvirata-kolem-nas"],"_links":{"self":[{"href":"https:\/\/hanusovice.casd.cz\/index.php?rest_route=\/wp\/v2\/posts\/3972","targetHints":{"allow":["GET"]}}],"collection":[{"href":"https:\/\/hanusovice.casd.cz\/index.php?rest_route=\/wp\/v2\/posts"}],"about":[{"href":"https:\/\/hanusovice.casd.cz\/index.php?rest_route=\/wp\/v2\/types\/post"}],"author":[{"embeddable":true,"href":"https:\/\/hanusovice.casd.cz\/index.php?rest_route=\/wp\/v2\/users\/1"}],"replies":[{"embeddable":true,"href":"https:\/\/hanusovice.casd.cz\/index.php?rest_route=%2Fwp%2Fv2%2Fcomments&post=3972"}],"version-history":[{"count":7,"href":"https:\/\/hanusovice.casd.cz\/index.php?rest_route=\/wp\/v2\/posts\/3972\/revisions"}],"predecessor-version":[{"id":3980,"href":"https:\/\/hanusovice.casd.cz\/index.php?rest_route=\/wp\/v2\/posts\/3972\/revisions\/3980"}],"wp:featuredmedia":[{"embeddable":true,"href":"https:\/\/hanusovice.casd.cz\/index.php?rest_route=\/wp\/v2\/media\/3973"}],"wp:attachment":[{"href":"https:\/\/hanusovice.casd.cz\/index.php?rest_route=%2Fwp%2Fv2%2Fmedia&parent=3972"}],"wp:term":[{"taxonomy":"category","embeddable":true,"href":"https:\/\/hanusovice.casd.cz\/index.php?rest_route=%2Fwp%2Fv2%2Fcategories&post=3972"},{"taxonomy":"post_tag","embeddable":true,"href":"https:\/\/hanusovice.casd.cz\/index.php?rest_route=%2Fwp%2Fv2%2Ftags&post=3972"}],"curies":[{"name":"wp","href":"https:\/\/api.w.org\/{rel}","templated":true}]}}