{"id":3825,"date":"2016-04-05T10:19:49","date_gmt":"2016-04-05T08:19:49","guid":{"rendered":"http:\/\/hanusovice.casd.cz\/?p=3825"},"modified":"2016-04-05T10:20:20","modified_gmt":"2016-04-05T08:20:20","slug":"sasanka-hajni","status":"publish","type":"post","link":"https:\/\/hanusovice.casd.cz\/?p=3825","title":{"rendered":"Sasanka hajn\u00ed"},"content":{"rendered":"<h2><a href=\"http:\/\/hanusovice.casd.cz\/wp-content\/uploads\/2016\/04\/Sasanka-hajn\u00ed.jpg\"><img loading=\"lazy\" decoding=\"async\" class=\"  wp-image-3827 alignleft\" src=\"http:\/\/hanusovice.casd.cz\/wp-content\/uploads\/2016\/04\/Sasanka-hajn\u00ed-300x225.jpg\" alt=\"Sasanka hajn\u00ed\" width=\"232\" height=\"174\" srcset=\"https:\/\/hanusovice.casd.cz\/wp-content\/uploads\/2016\/04\/Sasanka-hajn\u00ed-300x225.jpg 300w, https:\/\/hanusovice.casd.cz\/wp-content\/uploads\/2016\/04\/Sasanka-hajn\u00ed-1024x768.jpg 1024w, https:\/\/hanusovice.casd.cz\/wp-content\/uploads\/2016\/04\/Sasanka-hajn\u00ed.jpg 2048w\" sizes=\"auto, (max-width: 232px) 100vw, 232px\" \/><\/a><span style=\"font-size: 12pt;\"><span style=\"font-family: georgia, palatino;\"><em><span style=\"color: #008000;\">Jaro je u\u017e v pln\u00e9m proudu a tak se m\u016f\u017eeme t\u011b\u0161it ze z\u00e1plavy barev. \u00a0Pan\u00ed Jano\u0161t\u00edkov\u00e1 pro n\u00e1s vyfotila sn\u011bhob\u00edlou sasanku hajn\u00ed\u00a0a poslala n\u00e1m k n\u00ed i sv\u00e9 pov\u00edd\u00e1n\u00ed.<br \/>\n<\/span><\/em><\/span><em><span style=\"color: #008000;\">Moc j\u00ed za to d\u011bkujeme a p\u0159ejeme j\u00ed, i v\u00e1m \u010dten\u00e1\u0159\u016fm na\u0161eho blogu, n\u00e1dhern\u00e9 proch\u00e1zky jarn\u00ed p\u0159\u00edrodou.<\/span><\/em><\/span><\/h2>\n<h2><span style=\"font-family: georgia, palatino; font-size: 14pt;\"><em><span style=\"color: #008000;\">\u00a0<\/span><\/em><\/span><\/h2>\n<p><strong>Sasanka hajn\u00ed<\/strong><\/p>\n<p style=\"text-align: justify;\">Sasanka hajn\u00ed, slovensky veternica h\u00e1jna, je vytrval\u00e1 bylina nanejv\u00fd\u0161 30 cm vysok\u00e1. Roste v\u00a0listnat\u00fdch les\u00edch, kde je dostatek sv\u011btla a vlhkosti. Vyskytuje se v\u00a0Evrop\u011b, v Asii a ve st\u0159edn\u00ed \u010d\u00e1sti USA.\u00a0 V\u00a0\u010cesk\u00e9 republice se s\u00a0n\u00ed setk\u00e1me prakticky v\u0161ude od n\u00ed\u017ein a\u017e po horsk\u00e9 polohy Hrub\u00e9ho Jesen\u00edku \u2013 na Keprn\u00edku. Kvete v\u00a0b\u0159eznu a\u017e kv\u011btnu.<\/p>\n<p style=\"text-align: justify;\">\u010cerstv\u011b utr\u017een\u00e1 rostlina sasanky hajn\u00ed je jedovat\u00e1, po usu\u0161en\u00ed jedovatost z\u010d\u00e1sti miz\u00ed. V\u00a0lidov\u00e9m l\u00e9\u010ditelstv\u00ed byla d\u0159\u00edve pou\u017e\u00edv\u00e1na jako l\u00e9k proti revmatizmu. Pro nebezpe\u010dn\u00e9 vedlej\u0161\u00ed \u00fa\u010dinky se v\u0161ak ji\u017e nepou\u017e\u00edv\u00e1. Ud\u00e1v\u00e1 se, \u017ee 30 rostlin je pro \u010dlov\u011bka smrt\u00edc\u00ed.<\/p>\n<p style=\"text-align: justify;\">Latinsk\u00fd n\u00e1zev sasanky <em>anemone nemorosa<\/em> \u00a0je odvozen od \u0159eck\u00e9ho slova anemos \u2013 v\u00edtr, jeliko\u017e se rostlina i p\u0159i slab\u00e9m v\u011btru oh\u00fdb\u00e1 a okv\u011btn\u00ed l\u00edstky ve v\u011btru snadno opad\u00e1vaj\u00ed.\u00a0 To vystihuje i slovensk\u00fd n\u00e1zev sasanky \u2013 veternica h\u00e1jna.<\/p>\n<p style=\"text-align: justify;\"><span style=\"color: #000000;\">P\u0159i pohledu na tuto kr\u00e1snou kv\u011btinku se mn\u011b vybavuj\u00ed slova \u017dalmu 103, \u00a0ver\u0161e 15 \u2013 18:<\/span><\/p>\n<p style=\"text-align: justify;\"><span style=\"color: #808080; font-family: georgia, palatino;\"><em>\u010clov\u011bk, jeho\u017e dny jsou jako tr\u00e1va,<\/em><\/span><\/p>\n<p style=\"text-align: justify;\"><span style=\"color: #808080; font-family: georgia, palatino;\"><em>rozkv\u00e9t\u00e1 jak poln\u00ed kv\u00edt\u00ed;<\/em><\/span><\/p>\n<p style=\"text-align: justify;\"><span style=\"color: #808080; font-family: georgia, palatino;\"><em>sotva ho ovane v\u00edtr, u\u017e tu nen\u00ed,<\/em><\/span><\/p>\n<p style=\"text-align: justify;\"><span style=\"color: #808080; font-family: georgia, palatino;\"><em>u\u017e se neobjev\u00ed na sv\u00e9m m\u00edst\u011b.<\/em><\/span><\/p>\n<p style=\"text-align: justify;\"><span style=\"color: #808080; font-family: georgia, palatino;\"><em>Av\u0161ak Hospodinovo milosrdenstv\u00ed je od v\u011bk\u016f na v\u011bky<\/em><\/span><\/p>\n<p style=\"text-align: justify;\"><span style=\"color: #808080; font-family: georgia, palatino;\"><em>s\u00a0t\u011bmi, kdo se ho boj\u00ed,<\/em><\/span><\/p>\n<p style=\"text-align: justify;\"><span style=\"color: #808080; font-family: georgia, palatino;\"><em>jeho spravedlnost i se syny syn\u016f,<\/em><\/span><\/p>\n<p style=\"text-align: justify;\"><span style=\"color: #808080; font-family: georgia, palatino;\"><em>s\u00a0t\u011bmi, kte\u0159\u00ed dodr\u017euj\u00ed jeho smlouvu,<\/em><\/span><\/p>\n<p style=\"text-align: justify;\"><span style=\"color: #808080; font-family: georgia, palatino;\"><em>kte\u0159\u00ed pamatuj\u00ed na jeho ustanoven\u00ed a pln\u00ed je.<\/em><\/span><\/p>\n<p style=\"text-align: justify;\"><a href=\"http:\/\/hanusovice.casd.cz\/wp-content\/uploads\/2016\/04\/Sasanka-hajn\u00ed.jpg\"><img loading=\"lazy\" decoding=\"async\" class=\"alignnone size-large wp-image-3827\" src=\"http:\/\/hanusovice.casd.cz\/wp-content\/uploads\/2016\/04\/Sasanka-hajn\u00ed-1024x768.jpg\" alt=\"Sasanka hajn\u00ed\" width=\"700\" height=\"525\" srcset=\"https:\/\/hanusovice.casd.cz\/wp-content\/uploads\/2016\/04\/Sasanka-hajn\u00ed-1024x768.jpg 1024w, https:\/\/hanusovice.casd.cz\/wp-content\/uploads\/2016\/04\/Sasanka-hajn\u00ed-300x225.jpg 300w, https:\/\/hanusovice.casd.cz\/wp-content\/uploads\/2016\/04\/Sasanka-hajn\u00ed.jpg 2048w\" sizes=\"auto, (max-width: 700px) 100vw, 700px\" \/><\/a><\/p>\n","protected":false},"excerpt":{"rendered":"<p>Jaro je u\u017e v pln\u00e9m proudu a tak se m\u016f\u017eeme t\u011b\u0161it ze z\u00e1plavy barev. \u00a0Pan\u00ed Jano\u0161t\u00edkov\u00e1 pro n\u00e1s vyfotila sn\u011bhob\u00edlou sasanku hajn\u00ed\u00a0a poslala n\u00e1m k n\u00ed i sv\u00e9 pov\u00edd\u00e1n\u00ed. Moc j\u00ed za to d\u011bkujeme a p\u0159ejeme j\u00ed, i v\u00e1m \u010dten\u00e1\u0159\u016fm na\u0161eho blogu, n\u00e1dhern\u00e9 proch\u00e1zky jarn\u00ed p\u0159\u00edrodou. \u00a0 Sasanka hajn\u00ed Sasanka hajn\u00ed, slovensky veternica h\u00e1jna, je&hellip;<\/p>\n","protected":false},"author":1,"featured_media":3827,"comment_status":"open","ping_status":"open","sticky":true,"template":"","format":"standard","meta":{"ngg_post_thumbnail":0,"footnotes":""},"categories":[40,1],"tags":[],"class_list":["post-3825","post","type-post","status-publish","format-standard","has-post-thumbnail","hentry","category-barevne-kvety","category-nezarazene"],"_links":{"self":[{"href":"https:\/\/hanusovice.casd.cz\/index.php?rest_route=\/wp\/v2\/posts\/3825","targetHints":{"allow":["GET"]}}],"collection":[{"href":"https:\/\/hanusovice.casd.cz\/index.php?rest_route=\/wp\/v2\/posts"}],"about":[{"href":"https:\/\/hanusovice.casd.cz\/index.php?rest_route=\/wp\/v2\/types\/post"}],"author":[{"embeddable":true,"href":"https:\/\/hanusovice.casd.cz\/index.php?rest_route=\/wp\/v2\/users\/1"}],"replies":[{"embeddable":true,"href":"https:\/\/hanusovice.casd.cz\/index.php?rest_route=%2Fwp%2Fv2%2Fcomments&post=3825"}],"version-history":[{"count":5,"href":"https:\/\/hanusovice.casd.cz\/index.php?rest_route=\/wp\/v2\/posts\/3825\/revisions"}],"predecessor-version":[{"id":3832,"href":"https:\/\/hanusovice.casd.cz\/index.php?rest_route=\/wp\/v2\/posts\/3825\/revisions\/3832"}],"wp:featuredmedia":[{"embeddable":true,"href":"https:\/\/hanusovice.casd.cz\/index.php?rest_route=\/wp\/v2\/media\/3827"}],"wp:attachment":[{"href":"https:\/\/hanusovice.casd.cz\/index.php?rest_route=%2Fwp%2Fv2%2Fmedia&parent=3825"}],"wp:term":[{"taxonomy":"category","embeddable":true,"href":"https:\/\/hanusovice.casd.cz\/index.php?rest_route=%2Fwp%2Fv2%2Fcategories&post=3825"},{"taxonomy":"post_tag","embeddable":true,"href":"https:\/\/hanusovice.casd.cz\/index.php?rest_route=%2Fwp%2Fv2%2Ftags&post=3825"}],"curies":[{"name":"wp","href":"https:\/\/api.w.org\/{rel}","templated":true}]}}