{"id":3714,"date":"2016-03-24T16:35:53","date_gmt":"2016-03-24T15:35:53","guid":{"rendered":"http:\/\/hanusovice.casd.cz\/?p=3714"},"modified":"2016-03-24T17:27:00","modified_gmt":"2016-03-24T16:27:00","slug":"radostne-velikonoce","status":"publish","type":"post","link":"https:\/\/hanusovice.casd.cz\/?p=3714","title":{"rendered":"Radostn\u00e9 Velikonoce?"},"content":{"rendered":"<p style=\"text-align: justify;\">Dnes byly cesty pln\u00e9 aut. N\u00e1kupy, n\u00e1kupy a je\u0161t\u011b n\u00e1kupy. Co V\u00e1m osobn\u011b je\u0161t\u011b chyb\u00ed pro to, abyste p\u0159ipravili doma kr\u00e1sn\u00e9 Velikonoce?<\/p>\n<p style=\"text-align: justify;\">Letos bude v\u00edce volna, kter\u00e9 m\u016f\u017eeme s rodinou str\u00e1vit. V kalend\u00e1\u0159i n\u00e1m toti\u017e p\u0159ibyl jeden nov\u00fd sv\u00e1tek. Je to den, kdy si k\u0159es\u0165an\u00e9 p\u0159ipom\u00ednaj\u00ed uk\u0159i\u017eov\u00e1n\u00ed Je\u017e\u00ed\u0161e Krista. Tenhle sv\u00e1tek maj\u00ed ve \u010dty\u0159iceti zem\u00edch sv\u011bta a v na\u0161\u00ed vlasti nen\u00ed tak\u00e9 novinkou. Byl tady po mnoho let a zru\u0161ili ho a\u017e v pades\u00e1t\u00fdch letech minul\u00e9ho stolet\u00ed.<\/p>\n<p style=\"text-align: justify;\">Na Velk\u00fd p\u00e1tek se vzpom\u00edn\u00e1 uk\u0159i\u017eov\u00e1n\u00ed Je\u017e\u00ed\u0161e Krista. Bl\u00edzkost utrpen\u00ed a smrti p\u0159iv\u00e1d\u00ed lidi k uva\u017eov\u00e1n\u00ed nad smyslem vlastn\u00edho \u017eivota. Velikono\u010dn\u00ed poselstv\u00ed je je\u0161t\u011b n\u011bco v\u00edc. Je to poselstv\u00ed o nad\u011bji. Je\u017e\u00ed\u0161 toti\u017e v hrob\u011b nez\u016fstal.<\/p>\n<p style=\"text-align: justify;\">Pokud nav\u0161t\u00edv\u00edte Jeruzal\u00e9m, m\u016f\u017eete vid\u011bt dokonce dv\u011b m\u00edsta, o kter\u00fdch se tvrd\u00ed, \u017ee tam byl Je\u017e\u00ed\u0161 pochov\u00e1n &#8211; ale oba tyto hroby jsou pr\u00e1zdn\u00e9. Kdy\u017e \u010dlov\u011bk uv\u011b\u0159\u00ed biblick\u00e9 zpr\u00e1v\u011b o vzk\u0159\u00ed\u0161en\u00ed, m\u016f\u017ee se radovat nad t\u00edm, \u017ee Je\u017e\u00ed\u0161, kter\u00fd p\u0159emohl smrt, p\u0159in\u00e1\u0161\u00ed \u017eivot. A o tom vlastn\u011b Velikonoce jsou.<\/p>\n<p style=\"text-align: justify;\">P\u0159ejeme V\u00e1m n\u00e1dhern\u00e9 sv\u00e1tky pln\u00e9 radosti!<\/p>\n<p style=\"text-align: justify;\">\n<p style=\"text-align: justify;\">PS: Pokud se budete i s d\u011btmi cht\u00edt pod\u00edvat na film, kter\u00fd byl nato\u010den\u00fd podle Bible, Luk\u00e1\u0161ova evangelia, klikn\u011bte na tento odkaz:\u00a0<a href=\"https:\/\/www.youtube.com\/watch?v=ZyM2lbgy-Ss\" target=\"_blank\">https:\/\/www.youtube.com\/watch?v=ZyM2lbgy-Ss<\/a>\u00a0<em>(Jenom v\u00e1s chci je\u0161t\u011b upozornit, \u017ee posledn\u00ed ud\u00e1losti z Je\u017e\u00ed\u0161ova \u017eivota nejsou sice nato\u010den\u00e9 tak realisticky jako v jin\u00fdch filmech, p\u0159esto jsou hodn\u011b emotivn\u00ed.)<\/em><\/p>\n<p style=\"text-align: justify;\">\n<p style=\"text-align: justify;\"><a href=\"http:\/\/hanusovice.casd.cz\/wp-content\/uploads\/2016\/03\/Kopie-IMG_4184.jpg\"><img loading=\"lazy\" decoding=\"async\" class=\"alignnone size-large wp-image-3716\" src=\"http:\/\/hanusovice.casd.cz\/wp-content\/uploads\/2016\/03\/Kopie-IMG_4184-1024x768.jpg\" alt=\"Kopie - IMG_4184\" width=\"700\" height=\"525\" srcset=\"https:\/\/hanusovice.casd.cz\/wp-content\/uploads\/2016\/03\/Kopie-IMG_4184.jpg 1024w, https:\/\/hanusovice.casd.cz\/wp-content\/uploads\/2016\/03\/Kopie-IMG_4184-300x225.jpg 300w\" sizes=\"auto, (max-width: 700px) 100vw, 700px\" \/><\/a><\/p>\n<p style=\"text-align: justify;\">\n","protected":false},"excerpt":{"rendered":"<p>Dnes byly cesty pln\u00e9 aut. N\u00e1kupy, n\u00e1kupy a je\u0161t\u011b n\u00e1kupy. Co V\u00e1m osobn\u011b je\u0161t\u011b chyb\u00ed pro to, abyste p\u0159ipravili doma kr\u00e1sn\u00e9 Velikonoce? Letos bude v\u00edce volna, kter\u00e9 m\u016f\u017eeme s rodinou str\u00e1vit. V kalend\u00e1\u0159i n\u00e1m toti\u017e p\u0159ibyl jeden nov\u00fd sv\u00e1tek. Je to den, kdy si k\u0159es\u0165an\u00e9 p\u0159ipom\u00ednaj\u00ed uk\u0159i\u017eov\u00e1n\u00ed Je\u017e\u00ed\u0161e Krista. Tenhle sv\u00e1tek maj\u00ed ve \u010dty\u0159iceti zem\u00edch&hellip;<\/p>\n","protected":false},"author":1,"featured_media":3716,"comment_status":"open","ping_status":"open","sticky":true,"template":"","format":"standard","meta":{"ngg_post_thumbnail":0,"footnotes":""},"categories":[15,1],"tags":[],"class_list":["post-3714","post","type-post","status-publish","format-standard","has-post-thumbnail","hentry","category-deti","category-nezarazene"],"_links":{"self":[{"href":"https:\/\/hanusovice.casd.cz\/index.php?rest_route=\/wp\/v2\/posts\/3714","targetHints":{"allow":["GET"]}}],"collection":[{"href":"https:\/\/hanusovice.casd.cz\/index.php?rest_route=\/wp\/v2\/posts"}],"about":[{"href":"https:\/\/hanusovice.casd.cz\/index.php?rest_route=\/wp\/v2\/types\/post"}],"author":[{"embeddable":true,"href":"https:\/\/hanusovice.casd.cz\/index.php?rest_route=\/wp\/v2\/users\/1"}],"replies":[{"embeddable":true,"href":"https:\/\/hanusovice.casd.cz\/index.php?rest_route=%2Fwp%2Fv2%2Fcomments&post=3714"}],"version-history":[{"count":6,"href":"https:\/\/hanusovice.casd.cz\/index.php?rest_route=\/wp\/v2\/posts\/3714\/revisions"}],"predecessor-version":[{"id":3721,"href":"https:\/\/hanusovice.casd.cz\/index.php?rest_route=\/wp\/v2\/posts\/3714\/revisions\/3721"}],"wp:featuredmedia":[{"embeddable":true,"href":"https:\/\/hanusovice.casd.cz\/index.php?rest_route=\/wp\/v2\/media\/3716"}],"wp:attachment":[{"href":"https:\/\/hanusovice.casd.cz\/index.php?rest_route=%2Fwp%2Fv2%2Fmedia&parent=3714"}],"wp:term":[{"taxonomy":"category","embeddable":true,"href":"https:\/\/hanusovice.casd.cz\/index.php?rest_route=%2Fwp%2Fv2%2Fcategories&post=3714"},{"taxonomy":"post_tag","embeddable":true,"href":"https:\/\/hanusovice.casd.cz\/index.php?rest_route=%2Fwp%2Fv2%2Ftags&post=3714"}],"curies":[{"name":"wp","href":"https:\/\/api.w.org\/{rel}","templated":true}]}}