{"id":3668,"date":"2016-03-20T14:54:21","date_gmt":"2016-03-20T13:54:21","guid":{"rendered":"http:\/\/hanusovice.casd.cz\/?p=3668"},"modified":"2016-03-20T14:57:58","modified_gmt":"2016-03-20T13:57:58","slug":"jaro","status":"publish","type":"post","link":"https:\/\/hanusovice.casd.cz\/?p=3668","title":{"rendered":"Jaro v Hanu\u0161ovic\u00edch"},"content":{"rendered":"<p><span style=\"color: #00ccff;\"><strong><span style=\"font-family: georgia, palatino;\"><em><span style=\"font-size: 14pt;\">P\u0159ejeme v\u00e1m kr\u00e1sn\u00e9 jaro a zahr\u00e1dky bez sn\u011bhu.<\/span><\/em><\/span><\/strong><\/span><\/p>\n<p><span style=\"color: #00ccff;\"><strong><span style=\"font-family: georgia, palatino;\"><em><span style=\"font-size: 14pt;\">Vyb\u011bhn\u011bte za mot\u00fdly, zajd\u011bte si pro n\u011bhu!<\/span><\/em><\/span><\/strong><\/span><\/p>\n<p><span style=\"color: #3366ff;\"><strong><span style=\"font-family: georgia, palatino; background-color: #ffffff;\"><em><span style=\"font-size: 14pt;\">Prvn\u00ed jarn\u00ed kv\u00edt\u00ed<\/span><\/em><\/span><\/strong><\/span><\/p>\n<p><span style=\"color: #3366ff;\"><strong><span style=\"font-family: georgia, palatino; background-color: #ffffff;\"><em><span style=\"font-size: 14pt;\">pro \u010dmel\u00e1ky sv\u00edt\u00ed,<\/span><\/em><\/span><\/strong><\/span><\/p>\n<p><span style=\"color: #3366ff;\"><strong><span style=\"font-family: georgia, palatino; background-color: #ffffff;\"><em><span style=\"font-size: 14pt;\">kolem pt\u00e1ci \u0161vito\u0159iv\u00ed d\u00e1vaj\u00ed se do zp\u011bvu.<\/span><\/em><\/span><\/strong><\/span><\/p>\n<p><span style=\"color: #99ccff;\"><strong><span style=\"font-family: georgia, palatino; font-size: 14pt;\">Den je dneska kr\u00e1sn\u00fd, jako vy\u0161it\u00fd,<\/span><\/strong><\/span><\/p>\n<p><span style=\"color: #99ccff;\"><strong><span style=\"font-family: georgia, palatino; font-size: 14pt;\">raduj\u00ed se z n\u011bho:<\/span><\/strong><\/span><\/p>\n<p><span style=\"color: #3366ff;\"><strong><span style=\"font-family: georgia, palatino; font-size: 14pt;\">&#8211; \u010dmel\u00e1ci,<\/span><\/strong><\/span><\/p>\n<p><span style=\"color: #99ccff;\"><strong><span style=\"font-family: georgia, palatino; font-size: 14pt;\">&#8211; pt\u00e1ci, <\/span><\/strong><\/span><\/p>\n<p><span style=\"color: #99ccff;\"><strong><span style=\"font-family: georgia, palatino; font-size: 14pt;\"><span style=\"color: #3366ff;\">&#8211; mot\u00fdli,<\/span> <\/span><\/strong><\/span><\/p>\n<p><span style=\"color: #99ccff;\"><strong><span style=\"font-family: georgia, palatino; font-size: 14pt;\">&#8211; j\u00e1&#8230;<\/span><\/strong><\/span><\/p>\n<p><span style=\"color: #99ccff;\"><strong><span style=\"font-family: georgia, palatino; font-size: 14pt;\">\u00a0 \u00a0 \u00a0 \u00a0 \u00a0 \u00a0 \u00a0<span style=\"color: #3366ff;\"> \u00a0&#8230; a taky ty?<\/span><\/span><\/strong><\/span><\/p>\n<p><a href=\"http:\/\/hanusovice.casd.cz\/wp-content\/uploads\/2016\/03\/Kopie-IMG_4284.jpg\"><img loading=\"lazy\" decoding=\"async\" class=\"alignnone size-large wp-image-3669\" src=\"http:\/\/hanusovice.casd.cz\/wp-content\/uploads\/2016\/03\/Kopie-IMG_4284-1024x768.jpg\" alt=\"Kopie - IMG_4284\" width=\"700\" height=\"525\" srcset=\"https:\/\/hanusovice.casd.cz\/wp-content\/uploads\/2016\/03\/Kopie-IMG_4284.jpg 1024w, https:\/\/hanusovice.casd.cz\/wp-content\/uploads\/2016\/03\/Kopie-IMG_4284-300x225.jpg 300w\" sizes=\"auto, (max-width: 700px) 100vw, 700px\" \/><\/a><\/p>\n<p>&nbsp;<\/p>\n<p>&nbsp;<\/p>\n","protected":false},"excerpt":{"rendered":"<p>P\u0159ejeme v\u00e1m kr\u00e1sn\u00e9 jaro a zahr\u00e1dky bez sn\u011bhu. Vyb\u011bhn\u011bte za mot\u00fdly, zajd\u011bte si pro n\u011bhu! Prvn\u00ed jarn\u00ed kv\u00edt\u00ed pro \u010dmel\u00e1ky sv\u00edt\u00ed, kolem pt\u00e1ci \u0161vito\u0159iv\u00ed d\u00e1vaj\u00ed se do zp\u011bvu. Den je dneska kr\u00e1sn\u00fd, jako vy\u0161it\u00fd, raduj\u00ed se z n\u011bho: &#8211; \u010dmel\u00e1ci, &#8211; pt\u00e1ci, &#8211; mot\u00fdli, &#8211; j\u00e1&#8230; \u00a0 \u00a0 \u00a0 \u00a0 \u00a0 \u00a0 \u00a0 \u00a0&#8230; a&hellip;<\/p>\n","protected":false},"author":1,"featured_media":3669,"comment_status":"open","ping_status":"open","sticky":true,"template":"","format":"standard","meta":{"ngg_post_thumbnail":0,"footnotes":""},"categories":[40,15,1],"tags":[],"class_list":["post-3668","post","type-post","status-publish","format-standard","has-post-thumbnail","hentry","category-barevne-kvety","category-deti","category-nezarazene"],"_links":{"self":[{"href":"https:\/\/hanusovice.casd.cz\/index.php?rest_route=\/wp\/v2\/posts\/3668","targetHints":{"allow":["GET"]}}],"collection":[{"href":"https:\/\/hanusovice.casd.cz\/index.php?rest_route=\/wp\/v2\/posts"}],"about":[{"href":"https:\/\/hanusovice.casd.cz\/index.php?rest_route=\/wp\/v2\/types\/post"}],"author":[{"embeddable":true,"href":"https:\/\/hanusovice.casd.cz\/index.php?rest_route=\/wp\/v2\/users\/1"}],"replies":[{"embeddable":true,"href":"https:\/\/hanusovice.casd.cz\/index.php?rest_route=%2Fwp%2Fv2%2Fcomments&post=3668"}],"version-history":[{"count":2,"href":"https:\/\/hanusovice.casd.cz\/index.php?rest_route=\/wp\/v2\/posts\/3668\/revisions"}],"predecessor-version":[{"id":3671,"href":"https:\/\/hanusovice.casd.cz\/index.php?rest_route=\/wp\/v2\/posts\/3668\/revisions\/3671"}],"wp:featuredmedia":[{"embeddable":true,"href":"https:\/\/hanusovice.casd.cz\/index.php?rest_route=\/wp\/v2\/media\/3669"}],"wp:attachment":[{"href":"https:\/\/hanusovice.casd.cz\/index.php?rest_route=%2Fwp%2Fv2%2Fmedia&parent=3668"}],"wp:term":[{"taxonomy":"category","embeddable":true,"href":"https:\/\/hanusovice.casd.cz\/index.php?rest_route=%2Fwp%2Fv2%2Fcategories&post=3668"},{"taxonomy":"post_tag","embeddable":true,"href":"https:\/\/hanusovice.casd.cz\/index.php?rest_route=%2Fwp%2Fv2%2Ftags&post=3668"}],"curies":[{"name":"wp","href":"https:\/\/api.w.org\/{rel}","templated":true}]}}