{"id":3433,"date":"2016-02-28T22:22:40","date_gmt":"2016-02-28T21:22:40","guid":{"rendered":"http:\/\/hanusovice.casd.cz\/?p=3433"},"modified":"2016-03-07T13:22:50","modified_gmt":"2016-03-07T12:22:50","slug":"kocici-setkani-2","status":"publish","type":"post","link":"https:\/\/hanusovice.casd.cz\/?p=3433","title":{"rendered":"Ko\u010di\u010d\u00ed setk\u00e1n\u00ed"},"content":{"rendered":"<p style=\"text-align: justify;\"><span style=\"font-size: 12pt;\"><a href=\"http:\/\/hanusovice.casd.cz\/wp-content\/uploads\/2016\/02\/DSC01770-001.jpg\"><br \/>\n<\/a><\/span><\/p>\n<p><span style=\"font-size: 12pt;\">\u00a0Ko\u010di\u010d\u00ed setk\u00e1n\u00ed v Hanu\u0161ovic\u00edch, \u017ee by kulturn\u00ed d\u016fm pln\u00fd ko\u010dek?\u00a0 \ud83d\ude42 \u00a0V p\u00e1tek 26 \u00fanora \u00a0odpoledne za\u010dalo ko\u010di\u010d\u00ed setk\u00e1n\u00ed, kter\u00e9 nudu i chmury zah\u00e1n\u00ed. Prom\u00edtli jsme si video o ko\u010dk\u00e1ch, abychom se o nich n\u011bco zaj\u00edmav\u00e9ho dozv\u011bd\u011bli, jak vypad\u00e1 t\u0159eba jejich mlsn\u00fd jaz\u00fd\u010dek nebo ostr\u00e9 dr\u00e1pky. Potom jsme se sezn\u00e1mili s ko\u010di\u010d\u00edm azylem Gaia v Lu\u017en\u00e9, kter\u00fd provozuje pan\u00ed Ji\u0159ina Vr\u00e1belov\u00e1 a jej\u00ed spolupracovn\u00edci. Vyrobili jsme si ko\u010di\u010d\u00ed masky a nakreslili obr\u00e1zky ko\u010dek a potom za\u010dalo karnevalov\u00e9 ko\u010dkov\u00e1n\u00ed.<\/span><\/p>\n<p style=\"text-align: justify;\"><span style=\"font-size: 12pt;\">Na za\u010d\u00e1tek bylo trochu \u0161pan\u011blsk\u00fdch rytm\u016f a pak n\u00e1sledoval za hudebn\u00edho doprovodu pana Slav\u00ed\u010dka tane\u010dn\u00ed rej. Byl s n\u00e1mi i ko\u010di\u010d\u00ed z\u00e1stupce, kter\u00fd se jmenuje Skok\u00e1nek, pro\u010d m\u00e1 takov\u00e9 jm\u00e9no se dozv\u00edte p\u0159i n\u00e1v\u0161t\u011bv\u011b azylu Gaia. <\/span><\/p>\n<p style=\"text-align: justify;\"><span style=\"font-size: 12pt;\">Byli vystaveny fotky ko\u010di\u010dek od fotografa pana Michala z Brna. <\/span><\/p>\n<p style=\"text-align: justify;\"><span style=\"font-size: 12pt;\">Na ob\u010derstven\u00ed jsme m\u011bli jabl\u00ed\u010dka, ovocn\u00fd \u010daj a zdrav\u00e9 o\u0159\u00ed\u0161kov\u00e9 mls\u00e1n\u00ed. Ko\u010di\u010dk\u00e1m jsme po pan\u00ed Vr\u00e1belov\u00e9 poslali n\u011bjak\u00e9 krmivo, za kter\u00e9 <span style=\"color: #000000;\">V\u00e1m\u00a0<\/span>d\u011bkujeme. <\/span><\/p>\n<p style=\"text-align: justify;\"><span style=\"font-size: 12pt;\">Obr\u00e1zky a fotky budou vystaveny v knihovn\u011b. \u00a0\u00a0<\/span><\/p>\n<p style=\"text-align: justify;\"><span style=\"font-size: 12pt;\">Ka\u017ed\u00fd dostal pohlednice ko\u010di\u010dek s pozv\u00e1nkou na jarn\u00ed vych\u00e1zku za ko\u010di\u010dkami a na hrad Furchtenberk, kter\u00fd bude 17.dubna. <\/span><\/p>\n<p style=\"text-align: justify;\"><span style=\"font-size: 12pt;\"><span style=\"color: #ff0000;\">D\u011bkujeme v\u0161em, kte\u0159\u00ed se z\u00fa\u010dastnili i pomohli p\u0159i organizaci, hlavn\u011b d\u011btem, kter\u00e9 byly skv\u011bl\u00e9. \u00a0 <\/span><\/span><\/p>\n<p><span style=\"font-size: 12pt;\">Akci jsme po\u0159\u00e1dali ve spolupr\u00e1ci s azylem Gaia, SPOLE\u010cN\u011a- JEKHETANE, o.p.s. a m\u011bstem Hanu\u0161ovice.<\/span><span style=\"font-size: 12pt;\">\u00a0 <\/span><\/p>\n<p>&nbsp;<\/p>\n<p><span style=\"font-size: 12pt;\">Radek Kamler \u00a0 \u00a0 \u00a0<\/span><\/p>\n<p><a href=\"http:\/\/hanusovice.casd.cz\/wp-content\/uploads\/2016\/02\/DSC01864.jpg\"><img loading=\"lazy\" decoding=\"async\" class=\"  wp-image-3440 alignnone\" src=\"http:\/\/hanusovice.casd.cz\/wp-content\/uploads\/2016\/02\/DSC01864-300x200.jpg\" alt=\"DSC01864\" width=\"291\" height=\"195\" srcset=\"https:\/\/hanusovice.casd.cz\/wp-content\/uploads\/2016\/02\/DSC01864-300x200.jpg 300w, https:\/\/hanusovice.casd.cz\/wp-content\/uploads\/2016\/02\/DSC01864-1024x683.jpg 1024w, https:\/\/hanusovice.casd.cz\/wp-content\/uploads\/2016\/02\/DSC01864.jpg 1521w\" sizes=\"auto, (max-width: 291px) 100vw, 291px\" \/><\/a> \u00a0\u00a0<a href=\"http:\/\/hanusovice.casd.cz\/wp-content\/uploads\/2016\/02\/DSC01770-001.jpg\"><img loading=\"lazy\" decoding=\"async\" class=\"alignnone  wp-image-3437\" src=\"http:\/\/hanusovice.casd.cz\/wp-content\/uploads\/2016\/02\/DSC01840-300x200.jpg\" alt=\"DSC01840\" width=\"293\" height=\"195\" srcset=\"https:\/\/hanusovice.casd.cz\/wp-content\/uploads\/2016\/02\/DSC01840-300x200.jpg 300w, https:\/\/hanusovice.casd.cz\/wp-content\/uploads\/2016\/02\/DSC01840-1024x683.jpg 1024w, https:\/\/hanusovice.casd.cz\/wp-content\/uploads\/2016\/02\/DSC01840.jpg 1332w\" sizes=\"auto, (max-width: 293px) 100vw, 293px\" \/><\/a><a href=\"http:\/\/hanusovice.casd.cz\/wp-content\/uploads\/2016\/02\/DSC01765-001.jpg\"><img loading=\"lazy\" decoding=\"async\" class=\"alignnone  wp-image-3451\" src=\"http:\/\/hanusovice.casd.cz\/wp-content\/uploads\/2016\/02\/DSC01765-001-603x1024.jpg\" alt=\"DSC01765-001\" width=\"343\" height=\"580\" \/><\/a><a href=\"http:\/\/hanusovice.casd.cz\/wp-content\/uploads\/2016\/02\/DSC01770-001.jpg\"><img loading=\"lazy\" decoding=\"async\" class=\"  wp-image-3458 alignleft\" src=\"http:\/\/hanusovice.casd.cz\/wp-content\/uploads\/2016\/02\/DSC01770-001-416x1024.jpg\" alt=\"DSC01770-001\" width=\"236\" height=\"581\" srcset=\"https:\/\/hanusovice.casd.cz\/wp-content\/uploads\/2016\/02\/DSC01770-001-416x1024.jpg 416w, https:\/\/hanusovice.casd.cz\/wp-content\/uploads\/2016\/02\/DSC01770-001-122x300.jpg 122w, https:\/\/hanusovice.casd.cz\/wp-content\/uploads\/2016\/02\/DSC01770-001.jpg 642w\" sizes=\"auto, (max-width: 236px) 100vw, 236px\" \/><img loading=\"lazy\" decoding=\"async\" class=\"alignnone  wp-image-3438\" src=\"http:\/\/hanusovice.casd.cz\/wp-content\/uploads\/2016\/02\/DSC01994-300x200.jpg\" alt=\"DSC01994\" width=\"598\" height=\"398\" srcset=\"https:\/\/hanusovice.casd.cz\/wp-content\/uploads\/2016\/02\/DSC01994-300x200.jpg 300w, https:\/\/hanusovice.casd.cz\/wp-content\/uploads\/2016\/02\/DSC01994-1024x683.jpg 1024w, https:\/\/hanusovice.casd.cz\/wp-content\/uploads\/2016\/02\/DSC01994.jpg 1519w\" sizes=\"auto, (max-width: 598px) 100vw, 598px\" \/><\/a><a href=\"http:\/\/hanusovice.casd.cz\/wp-content\/uploads\/2016\/02\/DSC01983-001.jpg\"><img loading=\"lazy\" decoding=\"async\" class=\"alignnone  wp-image-3452\" src=\"http:\/\/hanusovice.casd.cz\/wp-content\/uploads\/2016\/02\/DSC01983-001-1024x465.jpg\" alt=\"DSC01983-001\" width=\"601\" height=\"273\" srcset=\"https:\/\/hanusovice.casd.cz\/wp-content\/uploads\/2016\/02\/DSC01983-001-1024x465.jpg 1024w, https:\/\/hanusovice.casd.cz\/wp-content\/uploads\/2016\/02\/DSC01983-001-300x136.jpg 300w, https:\/\/hanusovice.casd.cz\/wp-content\/uploads\/2016\/02\/DSC01983-001.jpg 1813w\" sizes=\"auto, (max-width: 601px) 100vw, 601px\" \/><\/a><\/p>\n<div id=\"attachment_3459\" style=\"width: 309px\" class=\"wp-caption alignleft\"><img loading=\"lazy\" decoding=\"async\" aria-describedby=\"caption-attachment-3459\" class=\"  wp-image-3459\" src=\"http:\/\/hanusovice.casd.cz\/wp-content\/uploads\/2016\/02\/DSC01843-1024x683.jpg\" alt=\"DSC01843\" width=\"303\" height=\"203\" srcset=\"https:\/\/hanusovice.casd.cz\/wp-content\/uploads\/2016\/02\/DSC01843-1024x683.jpg 1024w, https:\/\/hanusovice.casd.cz\/wp-content\/uploads\/2016\/02\/DSC01843-300x200.jpg 300w, https:\/\/hanusovice.casd.cz\/wp-content\/uploads\/2016\/02\/DSC01843.jpg 1540w\" sizes=\"auto, (max-width: 303px) 100vw, 303px\" \/><p id=\"caption-attachment-3459\" class=\"wp-caption-text\">Prezentace azylu GAIA, ko\u010di\u010d\u00ed pohlednice a kresby.<\/p><\/div>\n<p><img loading=\"lazy\" decoding=\"async\" class=\"alignnone  wp-image-3461\" src=\"http:\/\/hanusovice.casd.cz\/wp-content\/uploads\/2016\/02\/DSC01816-001-1024x828.jpg\" alt=\"DSC01816-001\" width=\"280\" height=\"226\" srcset=\"https:\/\/hanusovice.casd.cz\/wp-content\/uploads\/2016\/02\/DSC01816-001-1024x828.jpg 1024w, https:\/\/hanusovice.casd.cz\/wp-content\/uploads\/2016\/02\/DSC01816-001-300x243.jpg 300w, https:\/\/hanusovice.casd.cz\/wp-content\/uploads\/2016\/02\/DSC01816-001.jpg 1307w\" sizes=\"auto, (max-width: 280px) 100vw, 280px\" \/><\/p>\n<p><a href=\"http:\/\/hanusovice.casd.cz\/wp-content\/uploads\/2016\/02\/DSC01952-001.jpg\"><img loading=\"lazy\" decoding=\"async\" class=\"alignnone  wp-image-3460\" src=\"http:\/\/hanusovice.casd.cz\/wp-content\/uploads\/2016\/02\/DSC01952-001-1024x682.jpg\" alt=\"DSC01952-001\" width=\"601\" height=\"400\" srcset=\"https:\/\/hanusovice.casd.cz\/wp-content\/uploads\/2016\/02\/DSC01952-001-1024x682.jpg 1024w, https:\/\/hanusovice.casd.cz\/wp-content\/uploads\/2016\/02\/DSC01952-001-300x200.jpg 300w, https:\/\/hanusovice.casd.cz\/wp-content\/uploads\/2016\/02\/DSC01952-001.jpg 1271w\" sizes=\"auto, (max-width: 601px) 100vw, 601px\" \/><\/a><\/p>\n<p>&nbsp;<\/p>\n<p>&nbsp;<\/p>\n<p>&nbsp;<\/p>\n","protected":false},"excerpt":{"rendered":"<p>\u00a0Ko\u010di\u010d\u00ed setk\u00e1n\u00ed v Hanu\u0161ovic\u00edch, \u017ee by kulturn\u00ed d\u016fm pln\u00fd ko\u010dek?\u00a0 \ud83d\ude42 \u00a0V p\u00e1tek 26 \u00fanora \u00a0odpoledne za\u010dalo ko\u010di\u010d\u00ed setk\u00e1n\u00ed, kter\u00e9 nudu i chmury zah\u00e1n\u00ed. Prom\u00edtli jsme si video o ko\u010dk\u00e1ch, abychom se o nich n\u011bco zaj\u00edmav\u00e9ho dozv\u011bd\u011bli, jak vypad\u00e1 t\u0159eba jejich mlsn\u00fd jaz\u00fd\u010dek nebo ostr\u00e9 dr\u00e1pky. Potom jsme se sezn\u00e1mili s ko\u010di\u010d\u00edm azylem Gaia v&hellip;<\/p>\n","protected":false},"author":1,"featured_media":3436,"comment_status":"open","ping_status":"open","sticky":true,"template":"","format":"standard","meta":{"ngg_post_thumbnail":0,"footnotes":""},"categories":[15,1],"tags":[],"class_list":["post-3433","post","type-post","status-publish","format-standard","has-post-thumbnail","hentry","category-deti","category-nezarazene"],"_links":{"self":[{"href":"https:\/\/hanusovice.casd.cz\/index.php?rest_route=\/wp\/v2\/posts\/3433","targetHints":{"allow":["GET"]}}],"collection":[{"href":"https:\/\/hanusovice.casd.cz\/index.php?rest_route=\/wp\/v2\/posts"}],"about":[{"href":"https:\/\/hanusovice.casd.cz\/index.php?rest_route=\/wp\/v2\/types\/post"}],"author":[{"embeddable":true,"href":"https:\/\/hanusovice.casd.cz\/index.php?rest_route=\/wp\/v2\/users\/1"}],"replies":[{"embeddable":true,"href":"https:\/\/hanusovice.casd.cz\/index.php?rest_route=%2Fwp%2Fv2%2Fcomments&post=3433"}],"version-history":[{"count":12,"href":"https:\/\/hanusovice.casd.cz\/index.php?rest_route=\/wp\/v2\/posts\/3433\/revisions"}],"predecessor-version":[{"id":3526,"href":"https:\/\/hanusovice.casd.cz\/index.php?rest_route=\/wp\/v2\/posts\/3433\/revisions\/3526"}],"wp:featuredmedia":[{"embeddable":true,"href":"https:\/\/hanusovice.casd.cz\/index.php?rest_route=\/wp\/v2\/media\/3436"}],"wp:attachment":[{"href":"https:\/\/hanusovice.casd.cz\/index.php?rest_route=%2Fwp%2Fv2%2Fmedia&parent=3433"}],"wp:term":[{"taxonomy":"category","embeddable":true,"href":"https:\/\/hanusovice.casd.cz\/index.php?rest_route=%2Fwp%2Fv2%2Fcategories&post=3433"},{"taxonomy":"post_tag","embeddable":true,"href":"https:\/\/hanusovice.casd.cz\/index.php?rest_route=%2Fwp%2Fv2%2Ftags&post=3433"}],"curies":[{"name":"wp","href":"https:\/\/api.w.org\/{rel}","templated":true}]}}