{"id":2497,"date":"2015-07-19T22:09:21","date_gmt":"2015-07-19T20:09:21","guid":{"rendered":"http:\/\/hanusovice.casd.cz\/?p=2497"},"modified":"2015-08-29T21:51:55","modified_gmt":"2015-08-29T19:51:55","slug":"u-hanusovic-v-lese-usnul-velbloud","status":"publish","type":"post","link":"https:\/\/hanusovice.casd.cz\/?p=2497","title":{"rendered":"U Hanu\u0161ovic v lese usnul velbloud"},"content":{"rendered":"<p>U Hanu\u0161ovic v lese usnul velbloud. Taky jste ho vid\u011bli?<\/p>\n<p>Kdo se d\u00edv\u00e1 kolem sebe s otev\u0159en\u00fdma o\u010dima, vid\u00ed spoustu zaj\u00edmav\u00fdch v\u011bc\u00ed. A kdo k tomu m\u00e1 je\u0161t\u011b i fotoapar\u00e1t a um\u00ed dob\u0159e fotit, m\u016f\u017ee ty vz\u00e1cn\u00e9 okam\u017eiky zachytit i pro druh\u00e9. Pod\u00edvejte se, co n\u00e1m poslal pan Fiedler.<\/p>\n<p><span style=\"color: #000080; font-size: 12pt;\"><em>Hezk\u00e9 odpoledne,<\/em><\/span><br \/>\n<span style=\"color: #000080; font-size: 12pt;\"><em>pos\u00edl\u00e1m V\u00e1m p\u00e1r fotografi\u00ed do rubriky &#8222;Zv\u00ed\u0159ata kolem n\u00e1s&#8220;.<\/em><\/span><br \/>\n<span style=\"color: #000080; font-size: 12pt;\"><em>Jsem si v\u011bdom, \u017ee ten \u0161nek a ko\u0159en stromu zrovna mezi zv\u00ed\u0159ata nepat\u0159\u00ed,\u00a0<\/em><em>ale je to takov\u00e1 ur\u010dit\u00e1 rarita a sna\u017e\u00edm se fotit, co se mi l\u00edb\u00ed.<\/em><\/span><br \/>\n<span style=\"color: #000080; font-size: 12pt;\"><em>P\u0159eji kr\u00e1sn\u00fd zbytek v\u00edkendu a snad i mal\u00e9 osv\u011b\u017een\u00ed v t\u011bchto vedrech,\u00a0<\/em><em>proto\u017ee se pr\u00e1v\u011b za\u010d\u00ednaj\u00ed objevovat kapky.<\/em><\/span><br \/>\n<span style=\"color: #000080; font-size: 12pt;\"><em>Petr Fiedler.<\/em><\/span><\/p>\n<p>D\u011bkujeme za fotografie. I za toho \u0161neka a ko\u0159en, kter\u00fd p\u0159ipom\u00edn\u00e1 velblouda. Jist\u011b\u017ee do t\u011bchto inspirac\u00ed pat\u0159\u00ed! \ud83d\ude42<\/p>\n<p>P\u0159ejeme v\u00e1m n\u00e1dhern\u00e9 letn\u00ed dny pln\u00e9 pohody a tvo\u0159en\u00ed.<\/p>\n<p>&nbsp;<\/p>\n<p>Obr\u00e1zek prvn\u00ed: Setk\u00e1n\u00ed u sp\u00edna\u010dky<\/p>\n<p><a href=\"http:\/\/hanusovice.casd.cz\/wp-content\/uploads\/2015\/07\/Kopie-Setkani-u-spinacky.jpg\"><img loading=\"lazy\" decoding=\"async\" class=\"alignnone size-full wp-image-2508\" src=\"http:\/\/hanusovice.casd.cz\/wp-content\/uploads\/2015\/07\/Kopie-Setkani-u-spinacky.jpg\" alt=\"Kopie - Setkani u spinacky\" width=\"683\" height=\"1024\" srcset=\"https:\/\/hanusovice.casd.cz\/wp-content\/uploads\/2015\/07\/Kopie-Setkani-u-spinacky.jpg 683w, https:\/\/hanusovice.casd.cz\/wp-content\/uploads\/2015\/07\/Kopie-Setkani-u-spinacky-200x300.jpg 200w\" sizes=\"auto, (max-width: 683px) 100vw, 683px\" \/><\/a><\/p>\n<p>Obr\u00e1zek druh\u00fd: Karel II. a barvy podzimu<\/p>\n<p><a href=\"http:\/\/hanusovice.casd.cz\/wp-content\/uploads\/2015\/07\/Kopie-Karel-II-a-barvy-podzimu.jpg\"><img loading=\"lazy\" decoding=\"async\" class=\"alignnone size-full wp-image-2510\" src=\"http:\/\/hanusovice.casd.cz\/wp-content\/uploads\/2015\/07\/Kopie-Karel-II-a-barvy-podzimu.jpg\" alt=\"Kopie - Karel II a barvy podzimu\" width=\"1024\" height=\"689\" srcset=\"https:\/\/hanusovice.casd.cz\/wp-content\/uploads\/2015\/07\/Kopie-Karel-II-a-barvy-podzimu.jpg 1024w, https:\/\/hanusovice.casd.cz\/wp-content\/uploads\/2015\/07\/Kopie-Karel-II-a-barvy-podzimu-300x202.jpg 300w\" sizes=\"auto, (max-width: 1024px) 100vw, 1024px\" \/><\/a><\/p>\n<p>Obr\u00e1zek t\u0159et\u00ed: Tak p\u016fjdeme u\u017e kone\u010dn\u011b?<\/p>\n<p><a href=\"http:\/\/hanusovice.casd.cz\/wp-content\/uploads\/2015\/07\/Kopie-Tak-pujdeme-uz-konecne.jpg\"><img loading=\"lazy\" decoding=\"async\" class=\"alignnone size-full wp-image-2507\" src=\"http:\/\/hanusovice.casd.cz\/wp-content\/uploads\/2015\/07\/Kopie-Tak-pujdeme-uz-konecne.jpg\" alt=\"Kopie - Tak pujdeme uz konecne\" width=\"896\" height=\"768\" srcset=\"https:\/\/hanusovice.casd.cz\/wp-content\/uploads\/2015\/07\/Kopie-Tak-pujdeme-uz-konecne.jpg 896w, https:\/\/hanusovice.casd.cz\/wp-content\/uploads\/2015\/07\/Kopie-Tak-pujdeme-uz-konecne-300x257.jpg 300w\" sizes=\"auto, (max-width: 896px) 100vw, 896px\" \/><\/a><\/p>\n<p>Obr\u00e1zek \u010dtvrt\u00fd: Zastavte dopravu, jdu j\u00e1<\/p>\n<p><a href=\"http:\/\/hanusovice.casd.cz\/wp-content\/uploads\/2015\/07\/Kopie-Zastavte-dopravu-jdu-ja.jpg\"><img loading=\"lazy\" decoding=\"async\" class=\"alignnone size-full wp-image-2505\" src=\"http:\/\/hanusovice.casd.cz\/wp-content\/uploads\/2015\/07\/Kopie-Zastavte-dopravu-jdu-ja.jpg\" alt=\"Kopie - Zastavte dopravu, jdu ja\" width=\"967\" height=\"768\" srcset=\"https:\/\/hanusovice.casd.cz\/wp-content\/uploads\/2015\/07\/Kopie-Zastavte-dopravu-jdu-ja.jpg 967w, https:\/\/hanusovice.casd.cz\/wp-content\/uploads\/2015\/07\/Kopie-Zastavte-dopravu-jdu-ja-300x238.jpg 300w\" sizes=\"auto, (max-width: 967px) 100vw, 967px\" \/><\/a><\/p>\n<p>Obr\u00e1zek p\u00e1t\u00fd: \u0160elma<\/p>\n<p><a href=\"http:\/\/hanusovice.casd.cz\/wp-content\/uploads\/2015\/07\/Kopie-Selma.jpg\"><img loading=\"lazy\" decoding=\"async\" class=\"alignnone size-full wp-image-2509\" src=\"http:\/\/hanusovice.casd.cz\/wp-content\/uploads\/2015\/07\/Kopie-Selma.jpg\" alt=\"Kopie - Selma\" width=\"1024\" height=\"691\" srcset=\"https:\/\/hanusovice.casd.cz\/wp-content\/uploads\/2015\/07\/Kopie-Selma.jpg 1024w, https:\/\/hanusovice.casd.cz\/wp-content\/uploads\/2015\/07\/Kopie-Selma-300x202.jpg 300w\" sizes=\"auto, (max-width: 1024px) 100vw, 1024px\" \/><\/a><\/p>\n<p>Obr\u00e1zek \u0161est\u00fd: To byla d\u0159ina, d\u00e1my a p\u00e1nov\u00e9<\/p>\n<p><a href=\"http:\/\/hanusovice.casd.cz\/wp-content\/uploads\/2015\/07\/Kopie-To-byla-drina-damy-a-panove.jpg\"><img loading=\"lazy\" decoding=\"async\" class=\"alignnone size-full wp-image-2511\" src=\"http:\/\/hanusovice.casd.cz\/wp-content\/uploads\/2015\/07\/Kopie-To-byla-drina-damy-a-panove.jpg\" alt=\"Kopie - To byla drina, damy a panove\" width=\"1018\" height=\"768\" srcset=\"https:\/\/hanusovice.casd.cz\/wp-content\/uploads\/2015\/07\/Kopie-To-byla-drina-damy-a-panove.jpg 1018w, https:\/\/hanusovice.casd.cz\/wp-content\/uploads\/2015\/07\/Kopie-To-byla-drina-damy-a-panove-300x226.jpg 300w\" sizes=\"auto, (max-width: 1018px) 100vw, 1018px\" \/><\/a><\/p>\n<p>Obr\u00e1zek sedm\u00fd: U Hanu\u0161ovic v lese usnul velbloud<\/p>\n<p><a href=\"http:\/\/hanusovice.casd.cz\/wp-content\/uploads\/2015\/07\/Kopie-U-Hanusovic-v-lese-usnul-velbloud.jpg\"><img loading=\"lazy\" decoding=\"async\" class=\"alignnone size-full wp-image-2515\" src=\"http:\/\/hanusovice.casd.cz\/wp-content\/uploads\/2015\/07\/Kopie-U-Hanusovic-v-lese-usnul-velbloud.jpg\" alt=\"Kopie - U Hanusovic v lese usnul velbloud\" width=\"1024\" height=\"731\" srcset=\"https:\/\/hanusovice.casd.cz\/wp-content\/uploads\/2015\/07\/Kopie-U-Hanusovic-v-lese-usnul-velbloud.jpg 1024w, https:\/\/hanusovice.casd.cz\/wp-content\/uploads\/2015\/07\/Kopie-U-Hanusovic-v-lese-usnul-velbloud-300x214.jpg 300w\" sizes=\"auto, (max-width: 1024px) 100vw, 1024px\" \/><\/a><\/p>\n<p>&nbsp;<\/p>\n<p>&nbsp;<\/p>\n<p>&nbsp;<\/p>\n<p>&nbsp;<\/p>\n<p>&nbsp;<\/p>\n<p>&nbsp;<\/p>\n<p>&nbsp;<\/p>\n","protected":false},"excerpt":{"rendered":"<p>U Hanu\u0161ovic v lese usnul velbloud. Taky jste ho vid\u011bli? Kdo se d\u00edv\u00e1 kolem sebe s otev\u0159en\u00fdma o\u010dima, vid\u00ed spoustu zaj\u00edmav\u00fdch v\u011bc\u00ed. A kdo k tomu m\u00e1 je\u0161t\u011b i fotoapar\u00e1t a um\u00ed dob\u0159e fotit, m\u016f\u017ee ty vz\u00e1cn\u00e9 okam\u017eiky zachytit i pro druh\u00e9. Pod\u00edvejte se, co n\u00e1m poslal pan Fiedler. Hezk\u00e9 odpoledne, pos\u00edl\u00e1m V\u00e1m p\u00e1r fotografi\u00ed&hellip;<\/p>\n","protected":false},"author":1,"featured_media":2515,"comment_status":"open","ping_status":"open","sticky":false,"template":"","format":"standard","meta":{"ngg_post_thumbnail":0,"footnotes":""},"categories":[15,1,45],"tags":[],"class_list":["post-2497","post","type-post","status-publish","format-standard","has-post-thumbnail","hentry","category-deti","category-nezarazene","category-zvirata-kolem-nas"],"_links":{"self":[{"href":"https:\/\/hanusovice.casd.cz\/index.php?rest_route=\/wp\/v2\/posts\/2497","targetHints":{"allow":["GET"]}}],"collection":[{"href":"https:\/\/hanusovice.casd.cz\/index.php?rest_route=\/wp\/v2\/posts"}],"about":[{"href":"https:\/\/hanusovice.casd.cz\/index.php?rest_route=\/wp\/v2\/types\/post"}],"author":[{"embeddable":true,"href":"https:\/\/hanusovice.casd.cz\/index.php?rest_route=\/wp\/v2\/users\/1"}],"replies":[{"embeddable":true,"href":"https:\/\/hanusovice.casd.cz\/index.php?rest_route=%2Fwp%2Fv2%2Fcomments&post=2497"}],"version-history":[{"count":3,"href":"https:\/\/hanusovice.casd.cz\/index.php?rest_route=\/wp\/v2\/posts\/2497\/revisions"}],"predecessor-version":[{"id":2516,"href":"https:\/\/hanusovice.casd.cz\/index.php?rest_route=\/wp\/v2\/posts\/2497\/revisions\/2516"}],"wp:featuredmedia":[{"embeddable":true,"href":"https:\/\/hanusovice.casd.cz\/index.php?rest_route=\/wp\/v2\/media\/2515"}],"wp:attachment":[{"href":"https:\/\/hanusovice.casd.cz\/index.php?rest_route=%2Fwp%2Fv2%2Fmedia&parent=2497"}],"wp:term":[{"taxonomy":"category","embeddable":true,"href":"https:\/\/hanusovice.casd.cz\/index.php?rest_route=%2Fwp%2Fv2%2Fcategories&post=2497"},{"taxonomy":"post_tag","embeddable":true,"href":"https:\/\/hanusovice.casd.cz\/index.php?rest_route=%2Fwp%2Fv2%2Ftags&post=2497"}],"curies":[{"name":"wp","href":"https:\/\/api.w.org\/{rel}","templated":true}]}}