{"id":2427,"date":"2015-07-12T15:11:15","date_gmt":"2015-07-12T13:11:15","guid":{"rendered":"http:\/\/hanusovice.casd.cz\/?p=2427"},"modified":"2015-10-14T20:36:32","modified_gmt":"2015-10-14T18:36:32","slug":"namety-na-prazdninove-tvoreni","status":"publish","type":"post","link":"https:\/\/hanusovice.casd.cz\/?p=2427","title":{"rendered":"N\u00e1m\u011bty na pr\u00e1zdninov\u00e9 tvo\u0159en\u00ed"},"content":{"rendered":"<p style=\"text-align: justify;\"><span style=\"font-family: georgia, palatino; font-size: 18pt; color: #000080;\">Jeseni\u010dt\u00ed Sons\u00e1ci se se\u0161li kolem pr\u00e1zdninov\u00e9ho pracovn\u00edho stolu a tak v\u00e1m pos\u00edlaj\u00ed n\u011bkolik fotografi\u00ed a n\u00e1vod na vytvo\u0159en\u00ed kyti\u010dek z barevn\u00fdch silonek a dr\u00e1tk\u016f.<\/span><\/p>\n<p style=\"text-align: justify;\"><span style=\"font-style: inherit; font-weight: inherit; font-family: georgia, palatino; font-size: 18pt; color: #000080;\">Jak na n\u011b? P\u0159iprav\u00edte si \u0161it\u00ed\u010dko, tenk\u00e9 dr\u00e1tky (asi 0,8 mm) a na stonek jeden dr\u00e1tek siln\u011bj\u0161\u00ed. Se\u017eenete si barevn\u00e9 d\u011btsk\u00e9 silonky a zelenou kv\u011btinovou lepic\u00ed p\u00e1sku.<\/span><\/p>\n<p style=\"text-align: justify;\"><span style=\"font-style: inherit; font-weight: inherit; font-family: georgia, palatino; font-size: 18pt; color: #000080;\">Z dr\u00e1tk\u016f ud\u011bl\u00e1te kyti\u010dku a ka\u017ed\u00fd l\u00edstek pot\u00e1hnete silonkou, kterou zajist\u00edte za\u0161it\u00edm. Dovnit\u0159 kv\u00edtk\u016f m\u016f\u017eete vlo\u017eit pylov\u00e9 ty\u010dinky, kter\u00e9 si koup\u00edte ve v\u00fdtvarn\u00fdch pot\u0159eb\u00e1ch nebo ud\u011bl\u00e1te z bavlnek.<\/span><\/p>\n<p style=\"text-align: justify;\"><span style=\"font-style: inherit; font-weight: inherit; font-family: georgia, palatino; font-size: 18pt; color: #000080;\">Stonek obal\u00edte kv\u011btinovou lepic\u00ed p\u00e1skou &#8211; a je to hotovo. Podobn\u011b m\u016f\u017eete vytvo\u0159it i kr\u00e1sn\u00e9 mot\u00fdly.<\/span><\/p>\n<p style=\"text-align: justify;\"><span style=\"font-style: inherit; font-weight: inherit; font-family: georgia, palatino; font-size: 18pt; color: #000080;\">Je to jem\u0148ou\u010dk\u00e9 a kr\u00e1s\u0148ou\u010dk\u00e9. Vyzkou\u0161ejte.<\/span><\/p>\n<p><span style=\"font-family: georgia, palatino; font-size: 18pt; color: #000080;\">\u00a0<\/span><\/p>\n<p style=\"text-align: justify;\"><a href=\"http:\/\/hanusovice.casd.cz\/wp-content\/uploads\/2015\/07\/Kopie-Jen-tak.jpg\"><img loading=\"lazy\" decoding=\"async\" class=\"alignnone size-full wp-image-2428\" src=\"http:\/\/hanusovice.casd.cz\/wp-content\/uploads\/2015\/07\/Kopie-Jen-tak.jpg\" alt=\"Kopie - Jen tak\" width=\"634\" height=\"476\" srcset=\"https:\/\/hanusovice.casd.cz\/wp-content\/uploads\/2015\/07\/Kopie-Jen-tak.jpg 634w, https:\/\/hanusovice.casd.cz\/wp-content\/uploads\/2015\/07\/Kopie-Jen-tak-300x225.jpg 300w\" sizes=\"auto, (max-width: 634px) 100vw, 634px\" \/><\/a><\/p>\n<p style=\"text-align: justify;\"><a href=\"http:\/\/hanusovice.casd.cz\/wp-content\/uploads\/2015\/07\/J\u00e9-ty-se-povedly.jpg\"><img loading=\"lazy\" decoding=\"async\" class=\"alignnone  wp-image-2430\" src=\"http:\/\/hanusovice.casd.cz\/wp-content\/uploads\/2015\/07\/J\u00e9-ty-se-povedly-300x225.jpg\" alt=\"J\u00e9, ty se povedly\" width=\"305\" height=\"229\" srcset=\"https:\/\/hanusovice.casd.cz\/wp-content\/uploads\/2015\/07\/J\u00e9-ty-se-povedly-300x225.jpg 300w, https:\/\/hanusovice.casd.cz\/wp-content\/uploads\/2015\/07\/J\u00e9-ty-se-povedly.jpg 561w\" sizes=\"auto, (max-width: 305px) 100vw, 305px\" \/><\/a>\u00a0\u00a0\u00a0<a href=\"http:\/\/hanusovice.casd.cz\/wp-content\/uploads\/2015\/07\/Olinka-tvo\u0159ilka.jpg\"><img loading=\"lazy\" decoding=\"async\" class=\"alignnone  wp-image-2429\" src=\"http:\/\/hanusovice.casd.cz\/wp-content\/uploads\/2015\/07\/Olinka-tvo\u0159ilka-300x215.jpg\" alt=\"Olinka tvo\u0159ilka\" width=\"318\" height=\"228\" srcset=\"https:\/\/hanusovice.casd.cz\/wp-content\/uploads\/2015\/07\/Olinka-tvo\u0159ilka-300x215.jpg 300w, https:\/\/hanusovice.casd.cz\/wp-content\/uploads\/2015\/07\/Olinka-tvo\u0159ilka.jpg 693w\" sizes=\"auto, (max-width: 318px) 100vw, 318px\" \/><\/a><\/p>\n<p style=\"text-align: justify;\"><a href=\"http:\/\/hanusovice.casd.cz\/wp-content\/uploads\/2015\/07\/A-Len\u010da-\u0161ila-a\u017e-se-kytka-poda\u0159ila.jpg\"><img loading=\"lazy\" decoding=\"async\" class=\"alignnone  wp-image-2431\" src=\"http:\/\/hanusovice.casd.cz\/wp-content\/uploads\/2015\/07\/A-Len\u010da-\u0161ila-a\u017e-se-kytka-poda\u0159ila-300x225.jpg\" alt=\"A Len\u010da \u0161ila, a\u017e se kytka poda\u0159ila\" width=\"319\" height=\"239\" srcset=\"https:\/\/hanusovice.casd.cz\/wp-content\/uploads\/2015\/07\/A-Len\u010da-\u0161ila-a\u017e-se-kytka-poda\u0159ila-300x225.jpg 300w, https:\/\/hanusovice.casd.cz\/wp-content\/uploads\/2015\/07\/A-Len\u010da-\u0161ila-a\u017e-se-kytka-poda\u0159ila.jpg 440w\" sizes=\"auto, (max-width: 319px) 100vw, 319px\" \/><\/a>\u00a0 \u00a0\u00a0<a href=\"http:\/\/hanusovice.casd.cz\/wp-content\/uploads\/2015\/07\/D\u0159ina-se-vyplatila.jpg\"><img loading=\"lazy\" decoding=\"async\" class=\"alignnone  wp-image-2432\" src=\"http:\/\/hanusovice.casd.cz\/wp-content\/uploads\/2015\/07\/D\u0159ina-se-vyplatila.jpg\" alt=\"D\u0159ina se vyplatila\" width=\"302\" height=\"240\" \/><\/a><\/p>\n<p style=\"text-align: justify;\"><a href=\"http:\/\/hanusovice.casd.cz\/wp-content\/uploads\/2015\/07\/Mak\u00e1me-a-mak\u00e1me.jpg\"><img loading=\"lazy\" decoding=\"async\" class=\"alignnone  wp-image-2433\" src=\"http:\/\/hanusovice.casd.cz\/wp-content\/uploads\/2015\/07\/Mak\u00e1me-a-mak\u00e1me-300x225.jpg\" alt=\"Mak\u00e1me a mak\u00e1me\" width=\"311\" height=\"233\" srcset=\"https:\/\/hanusovice.casd.cz\/wp-content\/uploads\/2015\/07\/Mak\u00e1me-a-mak\u00e1me-300x225.jpg 300w, https:\/\/hanusovice.casd.cz\/wp-content\/uploads\/2015\/07\/Mak\u00e1me-a-mak\u00e1me.jpg 960w\" sizes=\"auto, (max-width: 311px) 100vw, 311px\" \/><\/a>\u00a0 \u00a0\u00a0<a href=\"http:\/\/hanusovice.casd.cz\/wp-content\/uploads\/2015\/07\/Ha-Roman-pracuje-taky.jpg\"><img loading=\"lazy\" decoding=\"async\" class=\"alignnone  wp-image-2434\" src=\"http:\/\/hanusovice.casd.cz\/wp-content\/uploads\/2015\/07\/Ha-Roman-pracuje-taky-300x225.jpg\" alt=\"Ha, Roman pracuje taky\" width=\"311\" height=\"233\" srcset=\"https:\/\/hanusovice.casd.cz\/wp-content\/uploads\/2015\/07\/Ha-Roman-pracuje-taky-300x225.jpg 300w, https:\/\/hanusovice.casd.cz\/wp-content\/uploads\/2015\/07\/Ha-Roman-pracuje-taky.jpg 960w\" sizes=\"auto, (max-width: 311px) 100vw, 311px\" \/><\/a><\/p>\n<p style=\"text-align: justify;\"><a href=\"http:\/\/hanusovice.casd.cz\/wp-content\/uploads\/2015\/07\/Nevad\u00ed-\u017ee-m\u00e1m-74-let-vytvo\u0159\u00edm-si-r\u016f\u017ee-kv\u011bt.jpg\"><img loading=\"lazy\" decoding=\"async\" class=\"alignnone  wp-image-2435\" src=\"http:\/\/hanusovice.casd.cz\/wp-content\/uploads\/2015\/07\/Nevad\u00ed-\u017ee-m\u00e1m-74-let-vytvo\u0159\u00edm-si-r\u016f\u017ee-kv\u011bt-300x225.jpg\" alt=\"Nevad\u00ed, \u017ee m\u00e1m 74 let, vytvo\u0159\u00edm si r\u016f\u017ee kv\u011bt\" width=\"309\" height=\"232\" srcset=\"https:\/\/hanusovice.casd.cz\/wp-content\/uploads\/2015\/07\/Nevad\u00ed-\u017ee-m\u00e1m-74-let-vytvo\u0159\u00edm-si-r\u016f\u017ee-kv\u011bt-300x225.jpg 300w, https:\/\/hanusovice.casd.cz\/wp-content\/uploads\/2015\/07\/Nevad\u00ed-\u017ee-m\u00e1m-74-let-vytvo\u0159\u00edm-si-r\u016f\u017ee-kv\u011bt.jpg 647w\" sizes=\"auto, (max-width: 309px) 100vw, 309px\" \/> <\/a>\u00a0\u00a0<a href=\"http:\/\/hanusovice.casd.cz\/wp-content\/uploads\/2015\/07\/Hodn\u00e9-d\u011bti\u010dky-pracovaly-ani-nemukaly.jpg\"><img loading=\"lazy\" decoding=\"async\" class=\"alignnone  wp-image-2436\" src=\"http:\/\/hanusovice.casd.cz\/wp-content\/uploads\/2015\/07\/Hodn\u00e9-d\u011bti\u010dky-pracovaly-ani-nemukaly-300x225.jpg\" alt=\"Hodn\u00e9 d\u011bti\u010dky, pracovaly ani nemukaly\" width=\"312\" height=\"234\" srcset=\"https:\/\/hanusovice.casd.cz\/wp-content\/uploads\/2015\/07\/Hodn\u00e9-d\u011bti\u010dky-pracovaly-ani-nemukaly-300x225.jpg 300w, https:\/\/hanusovice.casd.cz\/wp-content\/uploads\/2015\/07\/Hodn\u00e9-d\u011bti\u010dky-pracovaly-ani-nemukaly.jpg 960w\" sizes=\"auto, (max-width: 312px) 100vw, 312px\" \/><\/a><\/p>\n<p style=\"text-align: justify;\"><span style=\"font-size: 24pt; font-family: georgia, palatino; color: #333399;\">A\u0165 je v\u00e1m 20 nebo 74 let, vytvo\u0159te si kr\u00e1sn\u00fd kv\u011bt!<\/span><\/p>\n<p style=\"text-align: justify;\">\u00a0<a href=\"http:\/\/hanusovice.casd.cz\/wp-content\/uploads\/2015\/07\/A-jak-von\u00ed.jpg\"><img loading=\"lazy\" decoding=\"async\" class=\"alignnone  wp-image-2437\" src=\"http:\/\/hanusovice.casd.cz\/wp-content\/uploads\/2015\/07\/A-jak-von\u00ed.jpg\" alt=\"A jak von\u00ed\" width=\"637\" height=\"478\" srcset=\"https:\/\/hanusovice.casd.cz\/wp-content\/uploads\/2015\/07\/A-jak-von\u00ed.jpg 836w, https:\/\/hanusovice.casd.cz\/wp-content\/uploads\/2015\/07\/A-jak-von\u00ed-300x225.jpg 300w\" sizes=\"auto, (max-width: 637px) 100vw, 637px\" \/><\/a><\/p>\n<p style=\"text-align: justify;\"><span style=\"font-family: georgia, palatino; font-size: 18pt;\">S dotazy nebo n\u00e1m\u011bty se m\u016f\u017eete obr\u00e1tit na pan\u00ed Ivu Malou, pracovnici SONS Jesen\u00edk.<\/span><\/p>\n<address><span style=\"font-family: georgia, palatino; font-size: 18pt;\">\u00a0<img loading=\"lazy\" decoding=\"async\" class=\"alignnone  wp-image-936\" src=\"http:\/\/hanusovice.casd.cz\/wp-content\/uploads\/2015\/01\/sons.jpg\" alt=\"sons\" width=\"206\" height=\"55\" \/><\/span><\/address>\n<address>\n<address><span style=\"font-family: georgia, palatino; font-size: 18pt;\">Iva Mal\u00e1, tel.:\u00a0 736 671 586<\/span><\/address>\n<address><span style=\"font-family: georgia, palatino; font-size: 18pt;\">email: jesenik-odbocka@sons.cz<\/span><\/address>\n<\/address>\n","protected":false},"excerpt":{"rendered":"<p>Jeseni\u010dt\u00ed Sons\u00e1ci se se\u0161li kolem pr\u00e1zdninov\u00e9ho pracovn\u00edho stolu a tak v\u00e1m pos\u00edlaj\u00ed n\u011bkolik fotografi\u00ed a n\u00e1vod na vytvo\u0159en\u00ed kyti\u010dek z barevn\u00fdch silonek a dr\u00e1tk\u016f. Jak na n\u011b? P\u0159iprav\u00edte si \u0161it\u00ed\u010dko, tenk\u00e9 dr\u00e1tky (asi 0,8 mm) a na stonek jeden dr\u00e1tek siln\u011bj\u0161\u00ed. Se\u017eenete si barevn\u00e9 d\u011btsk\u00e9 silonky a zelenou kv\u011btinovou lepic\u00ed p\u00e1sku. Z dr\u00e1tk\u016f ud\u011bl\u00e1te kyti\u010dku&hellip;<\/p>\n","protected":false},"author":1,"featured_media":2437,"comment_status":"open","ping_status":"open","sticky":false,"template":"","format":"standard","meta":{"ngg_post_thumbnail":0,"footnotes":""},"categories":[40],"tags":[],"class_list":["post-2427","post","type-post","status-publish","format-standard","has-post-thumbnail","hentry","category-barevne-kvety"],"_links":{"self":[{"href":"https:\/\/hanusovice.casd.cz\/index.php?rest_route=\/wp\/v2\/posts\/2427","targetHints":{"allow":["GET"]}}],"collection":[{"href":"https:\/\/hanusovice.casd.cz\/index.php?rest_route=\/wp\/v2\/posts"}],"about":[{"href":"https:\/\/hanusovice.casd.cz\/index.php?rest_route=\/wp\/v2\/types\/post"}],"author":[{"embeddable":true,"href":"https:\/\/hanusovice.casd.cz\/index.php?rest_route=\/wp\/v2\/users\/1"}],"replies":[{"embeddable":true,"href":"https:\/\/hanusovice.casd.cz\/index.php?rest_route=%2Fwp%2Fv2%2Fcomments&post=2427"}],"version-history":[{"count":4,"href":"https:\/\/hanusovice.casd.cz\/index.php?rest_route=\/wp\/v2\/posts\/2427\/revisions"}],"predecessor-version":[{"id":2447,"href":"https:\/\/hanusovice.casd.cz\/index.php?rest_route=\/wp\/v2\/posts\/2427\/revisions\/2447"}],"wp:featuredmedia":[{"embeddable":true,"href":"https:\/\/hanusovice.casd.cz\/index.php?rest_route=\/wp\/v2\/media\/2437"}],"wp:attachment":[{"href":"https:\/\/hanusovice.casd.cz\/index.php?rest_route=%2Fwp%2Fv2%2Fmedia&parent=2427"}],"wp:term":[{"taxonomy":"category","embeddable":true,"href":"https:\/\/hanusovice.casd.cz\/index.php?rest_route=%2Fwp%2Fv2%2Fcategories&post=2427"},{"taxonomy":"post_tag","embeddable":true,"href":"https:\/\/hanusovice.casd.cz\/index.php?rest_route=%2Fwp%2Fv2%2Ftags&post=2427"}],"curies":[{"name":"wp","href":"https:\/\/api.w.org\/{rel}","templated":true}]}}