{"id":2411,"date":"2015-07-12T14:07:52","date_gmt":"2015-07-12T12:07:52","guid":{"rendered":"http:\/\/hanusovice.casd.cz\/?p=2411"},"modified":"2015-07-12T14:07:52","modified_gmt":"2015-07-12T12:07:52","slug":"mi-del-o-del-18","status":"publish","type":"post","link":"https:\/\/hanusovice.casd.cz\/?p=2411","title":{"rendered":"Mi del o Del 18"},"content":{"rendered":"<p style=\"text-align: justify;\">V\u00edt\u00e1me v\u00e1s u poslechu dal\u0161\u00edho ze star\u0161\u00edch po\u0159ad\u016f TWR Mi del o Del s t\u00e9matem \u00fat\u011bcha.<\/p>\n<p style=\"text-align: justify;\">Co si dnes m\u016f\u017eete poslechnout? Samoz\u0159ejm\u011b, jako obvykle, p\u00edsn\u011b, potom tak\u00e9 zamy\u0161len\u00ed Rozity Mertov\u00e9: &#8222;Odkud bral \u00fat\u011bchu apo\u0161tol Pavel?&#8220;. Z informac\u00ed z tisku o R\u00f3mech v rubrice &#8222;Napsali o n\u00e1s&#8220; \u010dte Terezka Mertov\u00e1 \u010dl\u00e1nek o v\u00fdstav\u011b, kter\u00e1 byla v minulosti v pra\u017esk\u00e9 N\u00e1rodn\u00ed galerii o genocid\u011b R\u00f3m\u016f a o rasizmu.<\/p>\n<p style=\"text-align: justify;\">Anketa, kterou v tomto po\u0159adu usly\u0161\u00edte, je o k\u0159tu, o tom, co si lid\u00e9 pod t\u00edm pojmem lid\u00e9 p\u0159edstavuj\u00ed. Co vy sami osobn\u011b si mysl\u00edte, \u017ee k\u0159est znamen\u00e1?<\/p>\n<p style=\"text-align: justify;\">A p\u0159\u00edb\u011bh z Bible? Je op\u011bt z 1. knihy kr\u00e1lovsk\u00e9, tentokr\u00e1te o proroku Elij\u00e1\u0161ovi.<\/p>\n<audio class=\"wp-audio-shortcode\" id=\"audio-2411-1\" preload=\"none\" style=\"width: 100%;\" controls=\"controls\"><source type=\"audio\/mpeg\" src=\"http:\/\/hanusovice.casd.cz\/wp-content\/uploads\/2015\/07\/P012004-Midel_29.mp3?_=1\" \/><a href=\"http:\/\/hanusovice.casd.cz\/wp-content\/uploads\/2015\/07\/P012004-Midel_29.mp3\">http:\/\/hanusovice.casd.cz\/wp-content\/uploads\/2015\/07\/P012004-Midel_29.mp3<\/a><\/audio>\n<p style=\"text-align: justify;\"><strong>Prorok Elij\u00e1\u0161.<\/strong><\/p>\n<p style=\"text-align: justify;\">P\u0159\u00edb\u011bh ke sta\u017een\u00ed najdete tady:\u00a0<a href=\"http:\/\/hanusovice.casd.cz\/wp-content\/uploads\/2015\/07\/30-Prorok-Elij\u00e1\u0161.doc\">30 Prorok Elij\u00e1\u0161<\/a><\/p>\n<p style=\"text-align: justify;\">Ne\u017e se ale do \u010dten\u00ed pust\u00edte, odpov\u011bzte si, pros\u00ed, tyhle ot\u00e1zky:<\/p>\n<ul style=\"text-align: justify;\">\n<li><em>Za co jsem dnes vd\u011b\u010dn\u00fd\/\u00e1? <\/em><\/li>\n<li><em>Co m\u011b tr\u00e1p\u00ed? Co m\u016f\u017eeme jeden pro druh\u00e9ho ud\u011blat?<\/em><\/li>\n<li><em>O \u010dem byl minul\u00fd p\u0159\u00edb\u011bh? <\/em><\/li>\n<li><em>Mohl\/a jsi ho n\u011bkomu pov\u011bd\u011bt?<\/em><\/li>\n<\/ul>\n<p style=\"text-align: justify;\">1. kr\u00e1lovsk\u00e1 16. kapitola<\/p>\n<p style=\"text-align: justify;\"><sup>29<\/sup> V t\u0159ic\u00e1t\u00e9m osm\u00e9m roce vl\u00e1dy judsk\u00e9ho kr\u00e1le \u00c1sy se stal kr\u00e1lem nad Izraelem Achab, syn Omr\u00edho. Kraloval nad Izraelem v Sama\u0159\u00ed dvacet dva roky. \u00a0<sup>30<\/sup> Dopou\u0161t\u011bl se toho, co je zl\u00e9 v Hospodinov\u00fdch o\u010d\u00edch, v\u00edce ne\u017e v\u0161ichni, kdo byli p\u0159ed n\u00edm.<\/p>\n<p style=\"text-align: justify;\"><sup>31<\/sup> Bylo mu m\u00e1lo chodit v h\u0159\u00ed\u0161\u00edch Jarobe\u00e1ma, syna Nebatova. Vzal si za \u017eenu Jez\u00e1belu, dceru Etbaala, kr\u00e1le Sid\u00f3\u0148an\u016f, a chodil slou\u017eit Baalovi a klan\u011bl se mu. \u00a0<sup>32<\/sup> Postavil Baalovi olt\u00e1\u0159 v Baalov\u011b dom\u011b, kter\u00fd vystav\u011bl v Sama\u0159\u00ed. \u00a0<sup>33<\/sup> Achab tak\u00e9 ud\u011blal posv\u00e1tn\u00fd k\u016fl. T\u00edm, \u010deho se dopou\u0161t\u011bl, ur\u00e1\u017eel Hospodina, Boha Izraele, v\u00edc ne\u017e v\u0161ichni izrael\u0161t\u00ed kr\u00e1lov\u00e9, kte\u0159\u00ed byli p\u0159ed n\u00edm.<\/p>\n<p style=\"text-align: justify;\"><strong>1. kr\u00e1lovsk\u00e1 17,1<\/strong> Elij\u00e1\u0161 Ti\u0161bejsk\u00fd z p\u0159ist\u011bhovalc\u016f gile\u00e1dsk\u00fdch \u0159ekl Achabovi: &#8222;Jako\u017ee \u017eiv je Hospodin, B\u016fh Izraele, v jeho\u017e jsem slu\u017eb\u00e1ch, v t\u011bchto letech nebude rosa ani d\u00e9\u0161\u0165, le\u010d na m\u00e9 slovo.&#8220; \u00a0<sup>2<\/sup> I stalo se k n\u011bmu slovo Hospodinovo: \u00a0<sup>3<\/sup> &#8222;Jdi odtud a obra\u0165 se na v\u00fdchod a skryj se u potoka Ker\u00edtu proti Jord\u00e1nu. \u00a0<sup>4<\/sup> Z potoka bude\u0161 p\u00edt a p\u0159ik\u00e1zal jsem havran\u016fm, aby t\u011b tam opat\u0159ovali potravou.&#8220;<\/p>\n<p style=\"text-align: justify;\"><sup>5<\/sup> \u0160el tedy a u\u010dinil, jak \u0159ekl Hospodin. Usadil se u potoka Ker\u00edtu proti Jord\u00e1nu. \u00a0<sup>6<\/sup> A havrani mu p\u0159in\u00e1\u0161eli chl\u00e9b i maso r\u00e1no a chl\u00e9b i maso ve\u010der a z potoka pil. \u00a0<sup>7<\/sup> Uplynula \u0159ada dn\u016f a potok vyschl, proto\u017ee v zemi nenastaly de\u0161t\u011b. \u00a0<sup>8<\/sup> I stalo se k n\u011bmu slovo Hospodinovo: \u00a0<sup>9<\/sup> &#8222;Vsta\u0148 a jdi do Sarepty, je\u017e je u Sid\u00f3nu, a usa\u010f se tam. Hle, p\u0159ik\u00e1zal jsem tam jedn\u00e9 vdov\u011b, aby t\u011b opat\u0159ovala potravou.&#8220;<\/p>\n<p style=\"text-align: justify;\"><sup>10<\/sup> Vstal tedy a \u0161el do Sarepty. P\u0159i\u0161el ke vchodu do m\u011bsta, a hle, jedna vdova tam sb\u00edr\u00e1 d\u0159\u00edv\u00ed. Zavolal na ni: &#8222;Naber mi pros\u00edm trochu vody do n\u00e1doby, abych se napil.&#8220; \u00a0<sup>11<\/sup> Kdy\u017e ji \u0161la nabrat, zavolal na ni: &#8222;Vezmi pro m\u011b pros\u00edm s sebou sk\u00fdvu chleba.&#8220; \u00a0<sup>12<\/sup> \u0158ekla: &#8222;Jako\u017ee \u017eiv je Hospodin, tv\u016fj B\u016fh, nem\u00e1m nic upe\u010deno, m\u00e1m ve d\u017eb\u00e1nu jen hrst mouky a v l\u00e1hvi trochu oleje. Hle, sb\u00edr\u00e1m trochu d\u0159\u00edv\u00ed. Pak to p\u016fjdu p\u0159ipravit pro sebe a sv\u00e9ho syna. Naj\u00edme se a zem\u0159eme.&#8220;<\/p>\n<p style=\"text-align: justify;\"><sup>13<\/sup> Elij\u00e1\u0161 j\u00ed \u0159ekl: &#8222;Neboj se. Jdi a ud\u011blej, co jsi \u0159ekla. Jen mi z toho nejd\u0159\u00edv p\u0159iprav mal\u00fd podpopeln\u00fd chl\u00e9b a p\u0159ines mi jej. Potom p\u0159iprav\u00ed\u0161 j\u00eddlo pro sebe a sv\u00e9ho syna, \u00a0<sup>14<\/sup> nebo\u0165 toto prav\u00ed Hospodin, B\u016fh Izraele: \u00bbMouka ve d\u017eb\u00e1nu neubude a olej v l\u00e1hvi nedojde a\u017e do dne, kdy d\u00e1 Hospodin zemi d\u00e9\u0161\u0165.\u00ab&#8220; \u00a0<sup>15<\/sup> \u0160la a ud\u011blala, jak Elij\u00e1\u0161 \u0159ekl, a m\u011bla co j\u00edst po mnoho dn\u00ed ona i on i jej\u00ed d\u016fm. \u00a0<sup>16<\/sup> Mouka ve d\u017eb\u00e1nu neub\u00fdvala a olej v l\u00e1hvi nedoch\u00e1zel podle slova Hospodinova, kter\u00e9 ohl\u00e1sil skrze Elij\u00e1\u0161e.<\/p>\n<p style=\"text-align: justify;\"><sup>17<\/sup> Po t\u011bchto ud\u00e1lostech onemocn\u011bl syn t\u00e9 \u017eeny, pan\u00ed domu. V nemoci se mu p\u0159it\u00ed\u017eilo, ba ji\u017e p\u0159estal d\u00fdchat. \u00a0<sup>18<\/sup> Tu \u0159ekla Elij\u00e1\u0161ovi: &#8222;Co ti bylo do m\u00fdch v\u011bc\u00ed, mu\u017ei Bo\u017e\u00ed? P\u0159i\u0161el jsi ke mn\u011b, abys mi p\u0159ipomn\u011bl mou nepravost a m\u00e9mu synu p\u0159ivodil smrt?&#8220;<\/p>\n<p style=\"text-align: justify;\"><sup>19<\/sup> On j\u00ed \u0159ekl: &#8222;Dej mi sv\u00e9ho syna!&#8220; Vzal j\u00ed ho z kl\u00edna, vynesl jej do pokoj\u00edka na st\u0159e\u0161e, kde bydlel, a polo\u017eil ho na sv\u00e9 lo\u017ee. \u00a0<sup>20<\/sup> Pak volal k Hospodinu: &#8222;Hospodine, m\u016fj Bo\u017ee, co\u017epak i t\u00e9 vdov\u011b, u kter\u00e9 jsem hostem, zp\u016fsob\u00ed\u0161 zlo a p\u0159ivod\u00ed\u0161 jej\u00edmu synu smrt?&#8220; \u00a0<sup>21<\/sup> T\u0159ikr\u00e1t se nad d\u00edt\u011btem sklonil a volal k Hospodinu: &#8222;Hospodine, m\u016fj Bo\u017ee, a\u0165 se pros\u00edm vr\u00e1t\u00ed do tohoto d\u00edt\u011bte \u017eivot!&#8220;<\/p>\n<p style=\"text-align: justify;\"><sup>22<\/sup> Hospodin Elij\u00e1\u0161\u016fv hlas vysly\u0161el, do d\u00edt\u011bte se navr\u00e1til \u017eivot a o\u017eilo. \u00a0<sup>23<\/sup> Elij\u00e1\u0161 d\u00edt\u011b vzal, snesl je z pokoj\u00edka na st\u0159e\u0161e do domu, dal je jeho matce a \u0159ekl: &#8222;Pohle\u010f, tv\u016fj syn je \u017eiv.&#8220;<\/p>\n<p style=\"text-align: justify;\"><sup>24<\/sup> \u017dena Elij\u00e1\u0161ovi odpov\u011bd\u011bla: &#8222;Nyn\u00ed jsem poznala, \u017ee jsi mu\u017e Bo\u017e\u00ed a \u017ee slovo Hospodinovo v tv\u00fdch \u00fastech je pravdiv\u00e9.&#8220;<\/p>\n<p style=\"text-align: justify;\">\n<ul style=\"text-align: justify;\">\n<li><em>Zopakuj, pros\u00edm, p\u0159\u00edb\u011bh vlastn\u00edmi slovy. <\/em><\/li>\n<li><em>Co je v\u00a0textu nov\u00e9ho \/ zaj\u00edmav\u00e9ho?<\/em><\/li>\n<li><em>Co p\u0159\u00edb\u011bh \u0159\u00edk\u00e1 o Bohu? <\/em><\/li>\n<li><em>Co p\u0159\u00edb\u011bh \u0159\u00edk\u00e1 o lidech?<\/em><\/li>\n<li><em>Co se m\u016f\u017ee\u0161 z\u00a0p\u0159\u00edb\u011bhu nau\u010dit? Komu bude\u0161 p\u0159\u00edb\u011bh vypr\u00e1v\u011bt?<\/em><\/li>\n<\/ul>\n<p style=\"text-align: justify;\"><a href=\"http:\/\/hanusovice.casd.cz\/wp-content\/uploads\/2015\/06\/Kopie-IMG_5327.jpg\"><img loading=\"lazy\" decoding=\"async\" class=\"alignnone size-large wp-image-2252\" src=\"http:\/\/hanusovice.casd.cz\/wp-content\/uploads\/2015\/06\/Kopie-IMG_5327-1024x768.jpg\" alt=\"Kopie - IMG_5327\" width=\"700\" height=\"525\" srcset=\"https:\/\/hanusovice.casd.cz\/wp-content\/uploads\/2015\/06\/Kopie-IMG_5327.jpg 1024w, https:\/\/hanusovice.casd.cz\/wp-content\/uploads\/2015\/06\/Kopie-IMG_5327-300x225.jpg 300w\" sizes=\"auto, (max-width: 700px) 100vw, 700px\" \/><\/a><\/p>\n","protected":false},"excerpt":{"rendered":"<p>V\u00edt\u00e1me v\u00e1s u poslechu dal\u0161\u00edho ze star\u0161\u00edch po\u0159ad\u016f TWR Mi del o Del s t\u00e9matem \u00fat\u011bcha. Co si dnes m\u016f\u017eete poslechnout? Samoz\u0159ejm\u011b, jako obvykle, p\u00edsn\u011b, potom tak\u00e9 zamy\u0161len\u00ed Rozity Mertov\u00e9: &#8222;Odkud bral \u00fat\u011bchu apo\u0161tol Pavel?&#8220;. Z informac\u00ed z tisku o R\u00f3mech v rubrice &#8222;Napsali o n\u00e1s&#8220; \u010dte Terezka Mertov\u00e1 \u010dl\u00e1nek o v\u00fdstav\u011b, kter\u00e1 byla v&hellip;<\/p>\n","protected":false},"author":1,"featured_media":2252,"comment_status":"open","ping_status":"open","sticky":false,"template":"","format":"standard","meta":{"ngg_post_thumbnail":0,"footnotes":""},"categories":[23],"tags":[],"class_list":["post-2411","post","type-post","status-publish","format-standard","has-post-thumbnail","hentry","category-vas-tuke"],"_links":{"self":[{"href":"https:\/\/hanusovice.casd.cz\/index.php?rest_route=\/wp\/v2\/posts\/2411","targetHints":{"allow":["GET"]}}],"collection":[{"href":"https:\/\/hanusovice.casd.cz\/index.php?rest_route=\/wp\/v2\/posts"}],"about":[{"href":"https:\/\/hanusovice.casd.cz\/index.php?rest_route=\/wp\/v2\/types\/post"}],"author":[{"embeddable":true,"href":"https:\/\/hanusovice.casd.cz\/index.php?rest_route=\/wp\/v2\/users\/1"}],"replies":[{"embeddable":true,"href":"https:\/\/hanusovice.casd.cz\/index.php?rest_route=%2Fwp%2Fv2%2Fcomments&post=2411"}],"version-history":[{"count":1,"href":"https:\/\/hanusovice.casd.cz\/index.php?rest_route=\/wp\/v2\/posts\/2411\/revisions"}],"predecessor-version":[{"id":2414,"href":"https:\/\/hanusovice.casd.cz\/index.php?rest_route=\/wp\/v2\/posts\/2411\/revisions\/2414"}],"wp:featuredmedia":[{"embeddable":true,"href":"https:\/\/hanusovice.casd.cz\/index.php?rest_route=\/wp\/v2\/media\/2252"}],"wp:attachment":[{"href":"https:\/\/hanusovice.casd.cz\/index.php?rest_route=%2Fwp%2Fv2%2Fmedia&parent=2411"}],"wp:term":[{"taxonomy":"category","embeddable":true,"href":"https:\/\/hanusovice.casd.cz\/index.php?rest_route=%2Fwp%2Fv2%2Fcategories&post=2411"},{"taxonomy":"post_tag","embeddable":true,"href":"https:\/\/hanusovice.casd.cz\/index.php?rest_route=%2Fwp%2Fv2%2Ftags&post=2411"}],"curies":[{"name":"wp","href":"https:\/\/api.w.org\/{rel}","templated":true}]}}