{"id":2402,"date":"2015-07-12T12:58:52","date_gmt":"2015-07-12T10:58:52","guid":{"rendered":"http:\/\/hanusovice.casd.cz\/?p=2402"},"modified":"2015-07-12T14:09:56","modified_gmt":"2015-07-12T12:09:56","slug":"mi-del-o-del-16","status":"publish","type":"post","link":"https:\/\/hanusovice.casd.cz\/?p=2402","title":{"rendered":"Mi del o Del 16"},"content":{"rendered":"<p style=\"text-align: justify;\">Poslechn\u011bte si t\u0159et\u00ed \u010dervnov\u00e9 vys\u00edl\u00e1n\u00ed o nad\u011bji. \u00davaha, kterou tady tentokr\u00e1te Rozitka Mertov\u00e1 m\u00e1, je o \u00fat\u011b\u0161e, kter\u00e1 d\u00e1v\u00e1 s\u00edlu k \u017eivotn\u00edm z\u00e1pas\u016fm. \u00dat\u011bcha a soucit. Slova, kter\u00e1 dnes moc nepou\u017e\u00edv\u00e1me. Skute\u010dnost, kterou lid\u00e9 \u010dasto nepro\u017e\u00edvaj\u00ed. Nebo ano? Kdo v\u00e1m kdy poskytl \u00fat\u011bchu?<\/p>\n<p style=\"text-align: justify;\">Anketn\u00ed ot\u00e1zkou v po\u0159adu je ot\u00e1zka, jestli je v\u00edra slu\u010diteln\u00e1 s v\u011bdou. Poslechn\u011bte si n\u00e1zory r\u016fzn\u00fdch lid\u00ed kolem n\u00e1s. A jak\u00fd je v\u00e1\u0161 n\u00e1zor?<\/p>\n<p style=\"text-align: justify;\">P\u0159\u00edb\u011bh z Bible je tentokr\u00e1te p\u0159evypr\u00e1v\u011bn z 1. knihy Kr\u00e1lovsk\u00e9 a je o tom, jak se po \u0160alamounov\u011b smrti Izraelsk\u00fd n\u00e1rod rozd\u011blil.<\/p>\n<audio class=\"wp-audio-shortcode\" id=\"audio-2402-1\" preload=\"none\" style=\"width: 100%;\" controls=\"controls\"><source type=\"audio\/mpeg\" src=\"http:\/\/hanusovice.casd.cz\/wp-content\/uploads\/2015\/07\/P012002-Midel-_27.mp3?_=1\" \/><a href=\"http:\/\/hanusovice.casd.cz\/wp-content\/uploads\/2015\/07\/P012002-Midel-_27.mp3\">http:\/\/hanusovice.casd.cz\/wp-content\/uploads\/2015\/07\/P012002-Midel-_27.mp3<\/a><\/audio>\n<p style=\"text-align: justify;\"><strong>Rozd\u011blen\u00ed Izraelsk\u00e9ho n\u00e1roda.<\/strong><\/p>\n<p style=\"text-align: justify;\">Text z Bible si m\u016f\u017eete st\u00e1hnout tady:\u00a0<a href=\"http:\/\/hanusovice.casd.cz\/wp-content\/uploads\/2015\/07\/28-Rozd\u011blen\u00ed-izraelsk\u00e9ho-n\u00e1roda.doc\">28 Rozd\u011blen\u00ed izraelsk\u00e9ho n\u00e1roda<\/a><\/p>\n<ul style=\"text-align: justify;\">\n<li><em>Za co jsem dnes vd\u011b\u010dn\u00fd\/\u00e1? <\/em><\/li>\n<li><em>Co m\u011b tr\u00e1p\u00ed? Co m\u016f\u017eeme jeden pro druh\u00e9ho ud\u011blat?<\/em><\/li>\n<li><em>O \u010dem byl minul\u00fd p\u0159\u00edb\u011bh? <\/em><\/li>\n<li><em>Mohl\/a jsi ho n\u011bkomu pov\u011bd\u011bt?<\/em><\/li>\n<\/ul>\n<p style=\"text-align: justify;\"><sup>\u00a0<\/sup><strong>1.kr\u00e1lovsk\u00e1 11,43 \u2013 12,17 <\/strong><\/p>\n<p style=\"text-align: justify;\"><sup>43<\/sup> I ulehl \u0160alomoun ke sv\u00fdm otc\u016fm a byl poh\u0159ben v m\u011bst\u011b sv\u00e9ho otce Davida. Po n\u011bm se stal kr\u00e1lem jeho syn Rechabe\u00e1m. \u00a0<sup>CEP <\/sup><\/p>\n<p style=\"text-align: justify;\"><strong>12,1<\/strong> Rechabe\u00e1m se odebral do \u0160ekemu. Do \u0160ekemu toti\u017e p\u0159i\u0161el cel\u00fd Izrael, aby ho ustanovil kr\u00e1lem.<\/p>\n<p style=\"text-align: justify;\"><sup>2<\/sup> Jarobe\u00e1m, syn Nebat\u016fv, se o tom doslechl, kdy\u017e byl je\u0161t\u011b v Egypt\u011b, kam uprchl p\u0159ed kr\u00e1lem \u0160alomounem; Jarobe\u00e1m se toti\u017e usadil v Egypt\u011b. \u00a0<sup>3<\/sup> Poslali pro n\u011bj a povolali ho zp\u011bt. Jarobe\u00e1m p\u0159i\u0161el s cel\u00fdm shrom\u00e1\u017ed\u011bn\u00edm Izraele a promluvili k Rechabe\u00e1movi:<\/p>\n<p style=\"text-align: justify;\"><sup>4<\/sup> &#8222;Tv\u016fj otec n\u00e1s sev\u0159el tvrd\u00fdm jhem. Uleh\u010di n\u00e1m nyn\u00ed tvrdou slu\u017ebu sv\u00e9ho otce a t\u011b\u017ek\u00e9 jho, kter\u00e9 na n\u00e1s vlo\u017eil, a my ti budeme slou\u017eit.&#8220; \u00a0<sup>5<\/sup> Rechabe\u00e1m jim \u0159ekl: &#8222;Jd\u011bte a po t\u0159ech dnech se op\u011bt ke mn\u011b vra\u0165te.&#8220; A lid se roze\u0161el. \u00a0<sup>6<\/sup> Kr\u00e1l Rechabe\u00e1m se radil se starci, kte\u0159\u00ed byli ve slu\u017eb\u00e1ch jeho otce \u0160alomouna, dokud je\u0161t\u011b \u017eil. Ptal se: &#8222;Jak vy rad\u00edte? Co m\u00e1m tomuto lidu odpov\u011bd\u011bt?&#8220;<\/p>\n<p style=\"text-align: justify;\"><sup>7<\/sup> Promluvili k n\u011bmu takto: &#8222;Jestli\u017ee se dnes tomuto lidu projev\u00ed\u0161 jako slu\u017eebn\u00edk a poslou\u017e\u00ed\u0161 jim, jestli\u017ee jim vyhov\u00ed\u0161 a d\u00e1\u0161 jim laskavou odpov\u011b\u010f, budou po v\u0161echny dny tv\u00fdmi slu\u017eebn\u00edky.&#8220;<\/p>\n<p style=\"text-align: justify;\"><sup>8<\/sup> On v\u0161ak nedbal rady starc\u016f, kterou mu d\u00e1vali, a radil se s mlad\u00edky, kte\u0159\u00ed s n\u00edm vyrostli a te\u010f byli v jeho slu\u017eb\u00e1ch. \u00a0<sup>9<\/sup> T\u011bch se zeptal: &#8222;Co rad\u00edte vy? Jak m\u00e1me odpov\u011bd\u011bt tomuto lidu, kter\u00fd mi \u0159ekl: \u00bbUleh\u010di n\u00e1m jho, kter\u00e9 na n\u00e1s vlo\u017eil tv\u016fj otec\u00ab?&#8220; \u00a0<sup>10<\/sup> Mlad\u00edci, kte\u0159\u00ed s n\u00edm vyrostli, promluvili k n\u011bmu takto: &#8222;Toto \u0159ekni tomuto lidu, kter\u00fd k tob\u011b promluvil slovy: \u00bbTv\u016fj otec n\u00e1s obt\u00ed\u017eil jhem, ty v\u0161ak n\u00e1m je uleh\u010di.\u00ab Promluv k nim takto: \u00bbM\u016fj mal\u00edk je tlust\u0161\u00ed ne\u017e bedra m\u00e9ho otce. \u00a0<sup>11<\/sup> Tak tedy m\u016fj otec na v\u00e1s vlo\u017eil t\u011b\u017ek\u00e9 jho? J\u00e1 k va\u0161emu jhu je\u0161t\u011b p\u0159id\u00e1m. M\u016fj otec v\u00e1s trestal bi\u010di, j\u00e1 v\u00e1s v\u0161ak budu trestat d\u016ftkami!\u00ab&#8220;<\/p>\n<p style=\"text-align: justify;\"><sup>12<\/sup> T\u0159et\u00edho dne p\u0159i\u0161el Jarobe\u00e1m a v\u0161echen lid k Rechabe\u00e1movi, jak kr\u00e1l na\u0159\u00eddil: &#8222;T\u0159et\u00edho dne se ke mn\u011b navra\u0165te.&#8220; \u00a0<sup>13<\/sup> Kr\u00e1l lidu odpov\u011bd\u011bl tvrd\u011b a nedbal rady, kterou mu dali starci. \u00a0<sup>14<\/sup> Promluvil k nim podle rady mlad\u00edk\u016f: &#8222;M\u016fj otec v\u00e1s obt\u00ed\u017eil jhem, j\u00e1 k va\u0161emu jhu je\u0161t\u011b p\u0159id\u00e1m. M\u016fj otec v\u00e1s trestal bi\u010di, j\u00e1 v\u00e1s v\u0161ak budu trestat d\u016ftkami.&#8220; \u00a0<sup>15<\/sup> Kr\u00e1l lid nevysly\u0161el, nebo\u0165 to bylo \u0159\u00edzen\u00ed Hospodinovo. Tak se splnilo slovo, kter\u00e9 Hospodin ohl\u00e1sil Jarobe\u00e1movi, synu Nebatovu, skrze Achij\u00e1\u0161e \u0160\u00edlosk\u00e9ho.<\/p>\n<p style=\"text-align: justify;\"><sup>16<\/sup> Kdy\u017e cel\u00fd Izrael uvid\u011bl, \u017ee je kr\u00e1l nevysly\u0161el, dal lid kr\u00e1li tuto odpov\u011b\u010f: &#8222;Jak\u00fd pod\u00edl m\u00e1me v Davidovi? Nem\u00e1me d\u011bdictv\u00ed v synu Ji\u0161ajovu. Ke sv\u00fdm stan\u016fm, Izraeli! Nyn\u00ed pohle\u010f na sv\u016fj d\u016fm, Davide!&#8220; A Izrael se roze\u0161el ke sv\u00fdm stan\u016fm. \u00a0<sup>17<\/sup> Proto Rechabe\u00e1m kraloval pouze nad Izraelci usedl\u00fdmi v judsk\u00fdch m\u011bstech.<\/p>\n<ul style=\"text-align: justify;\">\n<li><em>Zopakuj, pros\u00edm, p\u0159\u00edb\u011bh vlastn\u00edmi slovy. <\/em><\/li>\n<li><em>Co je v\u00a0textu nov\u00e9ho \/ zaj\u00edmav\u00e9ho?<\/em><\/li>\n<li><em>Co p\u0159\u00edb\u011bh \u0159\u00edk\u00e1 o Bohu? <\/em><\/li>\n<li><em>Co p\u0159\u00edb\u011bh \u0159\u00edk\u00e1 o lidech?<\/em><\/li>\n<li><em>Co se m\u016f\u017ee\u0161 z\u00a0p\u0159\u00edb\u011bhu nau\u010dit? Komu bude\u0161 p\u0159\u00edb\u011bh vypr\u00e1v\u011bt?<\/em><\/li>\n<\/ul>\n<p style=\"text-align: justify;\"><a href=\"http:\/\/hanusovice.casd.cz\/wp-content\/uploads\/2015\/06\/Kopie-2-IMG_5227.jpg\"><img loading=\"lazy\" decoding=\"async\" class=\"alignnone size-large wp-image-2260\" src=\"http:\/\/hanusovice.casd.cz\/wp-content\/uploads\/2015\/06\/Kopie-2-IMG_5227-1024x768.jpg\" alt=\"Kopie (2) - IMG_5227\" width=\"700\" height=\"525\" srcset=\"https:\/\/hanusovice.casd.cz\/wp-content\/uploads\/2015\/06\/Kopie-2-IMG_5227.jpg 1024w, https:\/\/hanusovice.casd.cz\/wp-content\/uploads\/2015\/06\/Kopie-2-IMG_5227-300x225.jpg 300w\" sizes=\"auto, (max-width: 700px) 100vw, 700px\" \/><\/a><\/p>\n","protected":false},"excerpt":{"rendered":"<p>Poslechn\u011bte si t\u0159et\u00ed \u010dervnov\u00e9 vys\u00edl\u00e1n\u00ed o nad\u011bji. \u00davaha, kterou tady tentokr\u00e1te Rozitka Mertov\u00e1 m\u00e1, je o \u00fat\u011b\u0161e, kter\u00e1 d\u00e1v\u00e1 s\u00edlu k \u017eivotn\u00edm z\u00e1pas\u016fm. \u00dat\u011bcha a soucit. Slova, kter\u00e1 dnes moc nepou\u017e\u00edv\u00e1me. Skute\u010dnost, kterou lid\u00e9 \u010dasto nepro\u017e\u00edvaj\u00ed. Nebo ano? Kdo v\u00e1m kdy poskytl \u00fat\u011bchu? Anketn\u00ed ot\u00e1zkou v po\u0159adu je ot\u00e1zka, jestli je v\u00edra slu\u010diteln\u00e1 s v\u011bdou.&hellip;<\/p>\n","protected":false},"author":1,"featured_media":2260,"comment_status":"open","ping_status":"open","sticky":false,"template":"","format":"standard","meta":{"ngg_post_thumbnail":0,"footnotes":""},"categories":[23],"tags":[],"class_list":["post-2402","post","type-post","status-publish","format-standard","has-post-thumbnail","hentry","category-vas-tuke"],"_links":{"self":[{"href":"https:\/\/hanusovice.casd.cz\/index.php?rest_route=\/wp\/v2\/posts\/2402","targetHints":{"allow":["GET"]}}],"collection":[{"href":"https:\/\/hanusovice.casd.cz\/index.php?rest_route=\/wp\/v2\/posts"}],"about":[{"href":"https:\/\/hanusovice.casd.cz\/index.php?rest_route=\/wp\/v2\/types\/post"}],"author":[{"embeddable":true,"href":"https:\/\/hanusovice.casd.cz\/index.php?rest_route=\/wp\/v2\/users\/1"}],"replies":[{"embeddable":true,"href":"https:\/\/hanusovice.casd.cz\/index.php?rest_route=%2Fwp%2Fv2%2Fcomments&post=2402"}],"version-history":[{"count":3,"href":"https:\/\/hanusovice.casd.cz\/index.php?rest_route=\/wp\/v2\/posts\/2402\/revisions"}],"predecessor-version":[{"id":2416,"href":"https:\/\/hanusovice.casd.cz\/index.php?rest_route=\/wp\/v2\/posts\/2402\/revisions\/2416"}],"wp:featuredmedia":[{"embeddable":true,"href":"https:\/\/hanusovice.casd.cz\/index.php?rest_route=\/wp\/v2\/media\/2260"}],"wp:attachment":[{"href":"https:\/\/hanusovice.casd.cz\/index.php?rest_route=%2Fwp%2Fv2%2Fmedia&parent=2402"}],"wp:term":[{"taxonomy":"category","embeddable":true,"href":"https:\/\/hanusovice.casd.cz\/index.php?rest_route=%2Fwp%2Fv2%2Fcategories&post=2402"},{"taxonomy":"post_tag","embeddable":true,"href":"https:\/\/hanusovice.casd.cz\/index.php?rest_route=%2Fwp%2Fv2%2Ftags&post=2402"}],"curies":[{"name":"wp","href":"https:\/\/api.w.org\/{rel}","templated":true}]}}