{"id":2394,"date":"2015-07-12T11:31:56","date_gmt":"2015-07-12T09:31:56","guid":{"rendered":"http:\/\/hanusovice.casd.cz\/?p=2394"},"modified":"2015-07-12T11:31:56","modified_gmt":"2015-07-12T09:31:56","slug":"mi-del-o-del-15","status":"publish","type":"post","link":"https:\/\/hanusovice.casd.cz\/?p=2394","title":{"rendered":"Mi del o Del 15"},"content":{"rendered":"<p style=\"text-align: justify;\">Zveme v\u00e1s k poslechu z\u00e1znamu dal\u0161\u00edho z\u00a0\u010dervnov\u00fdch\u00a0po\u0159ad\u016f Mi del o Del.<\/p>\n<p style=\"text-align: justify;\">I tento d\u00edl je o nad\u011bji, tentokr\u00e1te jak n\u00e1s vid\u00ed B\u016fh, B\u016fh nad\u011bje. Poslechn\u011bte si o tom \u00favahu Rozity Mertov\u00e9. To, co je pro mn\u011b v t\u00e9to \u00favaze nejd\u016fle\u017eit\u011bj\u0161\u00ed je to, \u017ee nad\u011bje je dar, kter\u00fd dost\u00e1v\u00e1me nejenom pro sebe, ale i pro lidi kolem n\u00e1s. Kdy\u017e \u017eijeme nad\u011bj\u00ed, m\u016f\u017eeme ji tak\u00e9 \u0161\u00ed\u0159it d\u00e1l do sv\u011bta, kde vl\u00e1dla beznad\u011bj.<\/p>\n<p style=\"text-align: justify;\">Anketa v tomto po\u0159adu je o na\u0161\u00ed \u0159e\u010di &#8211; hlavn\u011b o neslu\u0161n\u00fdch a vulg\u00e1rn\u00edch v\u00fdrazech. A co vy? Tak\u00e9 je n\u011bkdy pou\u017e\u00edv\u00e1te? A pou\u017e\u00edv\u00e1te je i p\u0159ed d\u011btmi? A jestli ano, co s t\u00edm, jak se toho zlozvyku zbavit? Zapojte se do diskuse pod p\u0159\u00edsp\u011bvkem.<\/p>\n<audio class=\"wp-audio-shortcode\" id=\"audio-2394-1\" preload=\"none\" style=\"width: 100%;\" controls=\"controls\"><source type=\"audio\/mpeg\" src=\"http:\/\/hanusovice.casd.cz\/wp-content\/uploads\/2015\/07\/P012000-Midel_25.mp3?_=1\" \/><a href=\"http:\/\/hanusovice.casd.cz\/wp-content\/uploads\/2015\/07\/P012000-Midel_25.mp3\">http:\/\/hanusovice.casd.cz\/wp-content\/uploads\/2015\/07\/P012000-Midel_25.mp3<\/a><\/audio>\n<p style=\"text-align: justify;\">P\u0159\u00edb\u011bh z Bible, kter\u00fd je v tomto po\u0159adu p\u0159evypr\u00e1v\u011bn\u00fd, je z 1. knihy kr\u00e1lovsk\u00e9. N\u00ed\u017ee si m\u016f\u017eete p\u0159e\u010d\u00edst jeho \u010d\u00e1st, modlitbu kr\u00e1le \u0160alomouna p\u0159i posv\u011bcen\u00ed jeruzal\u00e9msk\u00e9ho chr\u00e1mu.<\/p>\n<p style=\"text-align: justify;\">Ke sta\u017een\u00ed je um\u00edst\u011bn\u00fd text tady:\u00a0<a href=\"http:\/\/hanusovice.casd.cz\/wp-content\/uploads\/2015\/07\/27-\u0160alomoun-a-zasv\u011bcen\u00ed-chr\u00e1mu.doc\">27 \u0160alomoun a zasv\u011bcen\u00ed chr\u00e1mu<\/a><\/p>\n<p style=\"text-align: justify;\"><strong>\u0160alomoun a zasv\u011bcen\u00ed chr\u00e1mu.<\/strong><\/p>\n<ul style=\"text-align: justify;\">\n<li><em>Za co jsem dnes vd\u011b\u010dn\u00fd\/\u00e1? <\/em><\/li>\n<li><em>Co m\u011b tr\u00e1p\u00ed? Co m\u016f\u017eeme jeden pro druh\u00e9ho ud\u011blat?<\/em><\/li>\n<li><em>O \u010dem byl minul\u00fd p\u0159\u00edb\u011bh? <\/em><\/li>\n<li><em>Mohl\/a jsi ho n\u011bkomu pov\u011bd\u011bt?<\/em><\/li>\n<\/ul>\n<p style=\"text-align: justify;\"><sup>\u00a0<\/sup><sup>CEP <\/sup><strong>1. kr\u00e1lovsk\u00e1 8,22 <\/strong><sup>22<\/sup> Pak se \u0160alomoun v p\u0159\u00edtomnosti cel\u00e9ho shrom\u00e1\u017ed\u011bn\u00ed Izraele postavil p\u0159ed Hospodin\u016fv olt\u00e1\u0159, rozprost\u0159el dlan\u011b k nebi \u00a0<sup>23<\/sup> a \u0159ekl: &#8222;Hospodine, Bo\u017ee Izraele, nen\u00ed Boha tob\u011b podobn\u00e9ho naho\u0159e na nebi ani dole na zemi. Ty zachov\u00e1v\u00e1\u0161 smlouvu a milosrdenstv\u00ed sv\u00fdm slu\u017eebn\u00edk\u016fm, kte\u0159\u00ed chod\u00ed p\u0159ed tebou cel\u00fdm srdcem.<\/p>\n<p style=\"text-align: justify;\"><sup>28<\/sup> Hospodine, m\u016fj Bo\u017ee, sklo\u0148 se k modlitb\u011b sv\u00e9ho slu\u017eebn\u00edka a k jeho prosb\u011b o smilov\u00e1n\u00ed a vysly\u0161 lk\u00e1n\u00ed a modlitbu, kterou se tv\u016fj slu\u017eebn\u00edk p\u0159ed tebou dnes modl\u00ed: \u00a0<sup>29<\/sup> A\u0165 jsou tv\u00e9 o\u010di up\u0159eny na tento d\u016fm v noci i ve dne, na m\u00edsto, o kter\u00e9m jsi \u0159ekl, \u017ee tam bude dl\u00edt tv\u00e9 jm\u00e9no. Vysl\u00fdchej modlitbu, kterou se bude tv\u016fj slu\u017eebn\u00edk modlit obr\u00e1cen k tomuto m\u00edstu.<\/p>\n<p style=\"text-align: justify;\">\u00a0<sup>30<\/sup> Vysl\u00fdchej prosbu sv\u00e9ho slu\u017eebn\u00edka i Izraele, sv\u00e9ho lidu, kterou se budou modlit obr\u00e1ceni k tomuto m\u00edstu, vysl\u00fdchej v m\u00edst\u011b sv\u00e9ho p\u0159eb\u00fdv\u00e1n\u00ed, v nebes\u00edch, vysl\u00fdchej a odpou\u0161t\u011bj.<\/p>\n<p style=\"text-align: justify;\"><sup>31<\/sup> Jestli\u017ee se n\u011bkdo proh\u0159e\u0161\u00ed proti sv\u00e9mu bli\u017en\u00edmu a ten by mu ulo\u017eil, aby se zakl\u00ednal p\u0159\u00edsahou, a on by tu p\u0159\u00edsahu slo\u017eil p\u0159ed tv\u00fdm olt\u00e1\u0159em v tomto dom\u011b, \u00a0<sup>32<\/sup> ty s\u00e1m v nebes\u00edch vysly\u0161, zas\u00e1hni a rozsu\u010f sv\u00e9 slu\u017eebn\u00edky; prohla\u0161 sv\u00e9voln\u00edka za sv\u00e9voln\u00e9ho a odpla\u0165 mu podle jeho cesty, a prohla\u0161 spravedliv\u00e9ho za spravedliv\u00e9ho a odm\u011b\u0148 jej podle jeho spravedlnosti.<\/p>\n<p style=\"text-align: justify;\"><sup>33<\/sup> Bude-li pora\u017een Izrael, tv\u016fj lid, od nep\u0159\u00edtele pro h\u0159\u00edch proti tob\u011b, ale navr\u00e1t\u00ed se k tob\u011b, vzdaj\u00ed chv\u00e1lu tv\u00e9mu jm\u00e9nu a budou se k tob\u011b modlit a prosit o smilov\u00e1n\u00ed v tomto dom\u011b, \u00a0<sup>34<\/sup> vysly\u0161 v nebes\u00edch a odpus\u0165 Izraeli, sv\u00e9mu lidu, h\u0159\u00edch a uve\u010f je zp\u011bt do zem\u011b, kterou jsi dal jejich otc\u016fm.<\/p>\n<p style=\"text-align: justify;\"><sup>35<\/sup> Uzav\u0159ou-li se nebesa a nebude d\u00e9\u0161\u0165 pro h\u0159\u00edch proti tob\u011b, budou-li se modlit obr\u00e1ceni k tomuto m\u00edstu a vzd\u00e1vat chv\u00e1lu tv\u00e9mu jm\u00e9nu a odvr\u00e1t\u00ed se od sv\u00fdch h\u0159\u00edch\u016f, proto\u017ee jsi je poko\u0159il, \u00a0<sup>36<\/sup> vysly\u0161 v nebes\u00edch a odpus\u0165 sv\u00fdm slu\u017eebn\u00edk\u016fm a Izraeli, sv\u00e9mu lidu, h\u0159\u00edch; v\u017edy\u0165 je vyu\u010duje\u0161 dobr\u00e9 cest\u011b, po n\u00ed\u017e by m\u011bli chodit, a dej d\u00e9\u0161\u0165 sv\u00e9 zemi, kterou jsi dal sv\u00e9mu lidu do d\u011bdictv\u00ed.<\/p>\n<p style=\"text-align: justify;\"><sup>37<\/sup> Bude-li v zemi hlad, bude-li mor, obiln\u00e1 rez \u010di sn\u011b\u0165, kobylky nebo jin\u00e1 hav\u011b\u0165, bude-li ho v zemi jeho bran su\u017eovat nep\u0159\u00edtel \u010di jak\u00e1koli r\u00e1na a jak\u00e1koli nemoc, \u00a0<sup>38<\/sup> vysly\u0161 ka\u017edou modlitbu, ka\u017edou prosbu, kterou bude m\u00edt kter\u00fdkoli \u010dlov\u011bk ze v\u0161eho tv\u00e9ho izraelsk\u00e9ho lidu, ka\u017ed\u00fd, kdo pozn\u00e1 r\u00e1nu sv\u00e9ho srdce a rozprost\u0159e sv\u00e9 dlan\u011b obr\u00e1cen k tomuto domu. \u00a0<sup>39<\/sup> Vysly\u0161 v nebes\u00edch, v s\u00eddle, kde p\u0159eb\u00fdv\u00e1\u0161, a odpus\u0165, u\u010di\u0148 a odpla\u0165 ka\u017ed\u00e9mu podle v\u0161ech jeho cest, nebo\u0165 zn\u00e1\u0161 jeho srdce &#8211; v\u017edy\u0165 ty s\u00e1m jedin\u00fd zn\u00e1\u0161 srdce v\u0161ech lidsk\u00fdch syn\u016f -, \u00a0<sup>40<\/sup> aby se t\u011b b\u00e1li po v\u0161echny dny, kdy budou \u017e\u00edt na p\u016fd\u011b, kterou jsi dal na\u0161im otc\u016fm.<\/p>\n<p style=\"text-align: justify;\"><sup>41<\/sup> Tak\u00e9 p\u0159ijde-li cizinec, kter\u00fd nen\u00ed z Izraele, tv\u00e9ho lidu, ze vzd\u00e1len\u00e9 zem\u011b kv\u016fli tv\u00e9mu jm\u00e9nu, \u00a0<sup>42<\/sup> nebo\u0165 budou sly\u0161et o tv\u00e9m velk\u00e9m jm\u00e9nu a o tv\u00e9 mocn\u00e9 ruce a o tv\u00e9 vzta\u017een\u00e9 pa\u017ei, p\u0159ijde-li a bude se modlit obr\u00e1cen k tomuto domu, \u00a0<sup>43<\/sup> vysly\u0161 v nebes\u00edch, v s\u00eddle, kde p\u0159eb\u00fdv\u00e1\u0161, a u\u010di\u0148 v\u0161e, o\u010d k tob\u011b ten cizinec bude volat, aby poznaly tv\u00e9 jm\u00e9no v\u0161echny n\u00e1rody zem\u011b a b\u00e1ly se t\u011b jako Izrael, tv\u016fj lid, aby poznaly, \u017ee se tento d\u016fm, kter\u00fd jsem vybudoval, naz\u00fdv\u00e1 tv\u00fdm jm\u00e9nem.<\/p>\n<p style=\"text-align: justify;\"><sup>44<\/sup> Vyt\u00e1hne-li tv\u016fj lid do boje proti nep\u0159\u00edteli po cest\u011b, kterou jej po\u0161le\u0161, a budou-li se modlit k Hospodinu sm\u011brem k m\u011bstu, kter\u00e9 jsi vyvolil, a k domu, kter\u00fd jsem vybudoval tv\u00e9mu jm\u00e9nu, \u00a0<sup>45<\/sup> vysly\u0161 v nebes\u00edch jejich modlitbu a prosbu a zjednej jim pr\u00e1vo.<\/p>\n<p style=\"text-align: justify;\"><sup>46<\/sup> Zh\u0159e\u0161\u00ed-li proti tob\u011b, nebo\u0165 nen\u00ed \u010dlov\u011bka, kter\u00fd by neh\u0159e\u0161il, a ty se na n\u011b rozhn\u011bv\u00e1\u0161 a vyd\u00e1\u0161 je nep\u0159\u00edteli, aby je zajali a jat\u00e9 vedli do nep\u0159\u00e1telsk\u00e9 zem\u011b, vzd\u00e1len\u00e9 nebo bl\u00edzk\u00e9, \u00a0<sup>47<\/sup> a oni si to v zemi, do n\u00ed\u017e byli jako zajatci odvedeni, vezmou k srdci, obr\u00e1t\u00ed se a budou t\u011b v zemi t\u011bch, kdo je zajali, prosit o smilov\u00e1n\u00ed: \u00bbZh\u0159e\u0161ili jsme, provinili jsme se, sv\u00e9voln\u011b si vedli\u00ab,<\/p>\n<p style=\"text-align: justify;\"><sup>48<\/sup> navr\u00e1t\u00ed-li se tedy k tob\u011b cel\u00fdm srdcem a celou du\u0161\u00ed v zemi sv\u00fdch nep\u0159\u00e1tel, kte\u0159\u00ed je odvedli do zajet\u00ed a budou se k tob\u011b modlit sm\u011brem ke sv\u00e9 zemi, kterou jsi dal jejich otc\u016fm, k m\u011bstu, kter\u00e9 jsi vyvolil, a k domu, kter\u00fd jsem vybudoval tv\u00e9mu jm\u00e9nu, \u00a0<sup>49<\/sup> vysly\u0161 v nebes\u00edch, v s\u00eddle, kde p\u0159eb\u00fdv\u00e1\u0161, jejich modlitbu a prosbu a zjednej jim pr\u00e1vo; \u00a0<sup>50<\/sup> odpus\u0165 sv\u00e9mu lidu, \u010d\u00edm proti tob\u011b zh\u0159e\u0161ili, i v\u0161echna jejich provin\u011bn\u00ed, kter\u00fdch se proti tob\u011b dopustili. Dej jim naj\u00edt slitov\u00e1n\u00ed u t\u011bch, kdo je zajali; a\u0165 se nad nimi slituj\u00ed. \u00a0<sup>51<\/sup> V\u017edy\u0165 jsou tv\u00fdm lidem a tv\u00fdm d\u011bdictv\u00edm, kter\u00e9 jsi vyvedl z Egypta, z pece \u017eelezn\u00e9&#8230;<\/p>\n<p style=\"text-align: justify;\"><sup>CEP <\/sup><strong>1 Kings 9:1<\/strong> Kdy\u017e \u0160alomoun dokon\u010dil budov\u00e1n\u00ed Hospodinova domu i kr\u00e1lovsk\u00e9ho domu a v\u0161eho, co si s takov\u00fdm zaujet\u00edm p\u0159\u00e1l vykonat, \u00a0<sup>2<\/sup> uk\u00e1zal se Hospodin \u0160alomounovi podruh\u00e9, jako se mu uk\u00e1zal v Gibe\u00f3nu. \u00a0<sup>3<\/sup> Hospodin mu \u0159ekl: &#8222;Vysly\u0161el jsem tvou modlitbu a tvou prosbu, s kterou ses na mne obr\u00e1til.<\/p>\n<p style=\"text-align: justify;\">\n<ul style=\"text-align: justify;\">\n<li><em>Zopakuj, pros\u00edm, p\u0159\u00edb\u011bh vlastn\u00edmi slovy. <\/em><\/li>\n<li><em>Co je v\u00a0textu nov\u00e9ho \/ zaj\u00edmav\u00e9ho?<\/em><\/li>\n<li><em>Co p\u0159\u00edb\u011bh \u0159\u00edk\u00e1 o Bohu? <\/em><\/li>\n<li><em>Co p\u0159\u00edb\u011bh \u0159\u00edk\u00e1 o lidech?<\/em><\/li>\n<li><em>Co se m\u016f\u017ee\u0161 z\u00a0p\u0159\u00edb\u011bhu nau\u010dit? Komu bude\u0161 p\u0159\u00edb\u011bh vypr\u00e1v\u011bt?<\/em><\/li>\n<\/ul>\n<p><a href=\"http:\/\/hanusovice.casd.cz\/wp-content\/uploads\/2015\/06\/Kopie-IMG_5207.jpg\"><img loading=\"lazy\" decoding=\"async\" class=\"alignnone size-large wp-image-2272\" src=\"http:\/\/hanusovice.casd.cz\/wp-content\/uploads\/2015\/06\/Kopie-IMG_5207-1024x768.jpg\" alt=\"Kopie - IMG_5207\" width=\"700\" height=\"525\" srcset=\"https:\/\/hanusovice.casd.cz\/wp-content\/uploads\/2015\/06\/Kopie-IMG_5207-1024x768.jpg 1024w, https:\/\/hanusovice.casd.cz\/wp-content\/uploads\/2015\/06\/Kopie-IMG_5207-300x225.jpg 300w, https:\/\/hanusovice.casd.cz\/wp-content\/uploads\/2015\/06\/Kopie-IMG_5207.jpg 1600w\" sizes=\"auto, (max-width: 700px) 100vw, 700px\" \/><\/a><\/p>\n<p style=\"text-align: justify;\">\n<p style=\"text-align: justify;\">\n","protected":false},"excerpt":{"rendered":"<p>Zveme v\u00e1s k poslechu z\u00e1znamu dal\u0161\u00edho z\u00a0\u010dervnov\u00fdch\u00a0po\u0159ad\u016f Mi del o Del. I tento d\u00edl je o nad\u011bji, tentokr\u00e1te jak n\u00e1s vid\u00ed B\u016fh, B\u016fh nad\u011bje. Poslechn\u011bte si o tom \u00favahu Rozity Mertov\u00e9. To, co je pro mn\u011b v t\u00e9to \u00favaze nejd\u016fle\u017eit\u011bj\u0161\u00ed je to, \u017ee nad\u011bje je dar, kter\u00fd dost\u00e1v\u00e1me nejenom pro sebe, ale i pro lidi&hellip;<\/p>\n","protected":false},"author":1,"featured_media":2272,"comment_status":"open","ping_status":"open","sticky":false,"template":"","format":"standard","meta":{"ngg_post_thumbnail":0,"footnotes":""},"categories":[23],"tags":[],"class_list":["post-2394","post","type-post","status-publish","format-standard","has-post-thumbnail","hentry","category-vas-tuke"],"_links":{"self":[{"href":"https:\/\/hanusovice.casd.cz\/index.php?rest_route=\/wp\/v2\/posts\/2394","targetHints":{"allow":["GET"]}}],"collection":[{"href":"https:\/\/hanusovice.casd.cz\/index.php?rest_route=\/wp\/v2\/posts"}],"about":[{"href":"https:\/\/hanusovice.casd.cz\/index.php?rest_route=\/wp\/v2\/types\/post"}],"author":[{"embeddable":true,"href":"https:\/\/hanusovice.casd.cz\/index.php?rest_route=\/wp\/v2\/users\/1"}],"replies":[{"embeddable":true,"href":"https:\/\/hanusovice.casd.cz\/index.php?rest_route=%2Fwp%2Fv2%2Fcomments&post=2394"}],"version-history":[{"count":1,"href":"https:\/\/hanusovice.casd.cz\/index.php?rest_route=\/wp\/v2\/posts\/2394\/revisions"}],"predecessor-version":[{"id":2397,"href":"https:\/\/hanusovice.casd.cz\/index.php?rest_route=\/wp\/v2\/posts\/2394\/revisions\/2397"}],"wp:featuredmedia":[{"embeddable":true,"href":"https:\/\/hanusovice.casd.cz\/index.php?rest_route=\/wp\/v2\/media\/2272"}],"wp:attachment":[{"href":"https:\/\/hanusovice.casd.cz\/index.php?rest_route=%2Fwp%2Fv2%2Fmedia&parent=2394"}],"wp:term":[{"taxonomy":"category","embeddable":true,"href":"https:\/\/hanusovice.casd.cz\/index.php?rest_route=%2Fwp%2Fv2%2Fcategories&post=2394"},{"taxonomy":"post_tag","embeddable":true,"href":"https:\/\/hanusovice.casd.cz\/index.php?rest_route=%2Fwp%2Fv2%2Ftags&post=2394"}],"curies":[{"name":"wp","href":"https:\/\/api.w.org\/{rel}","templated":true}]}}