{"id":2293,"date":"2015-06-15T14:41:36","date_gmt":"2015-06-15T12:41:36","guid":{"rendered":"http:\/\/hanusovice.casd.cz\/?p=2293"},"modified":"2015-10-14T20:13:13","modified_gmt":"2015-10-14T18:13:13","slug":"kvetouci-ibisky","status":"publish","type":"post","link":"https:\/\/hanusovice.casd.cz\/?p=2293","title":{"rendered":"Kvetouc\u00ed ibi\u0161ky"},"content":{"rendered":"<p style=\"text-align: justify;\">Ibi\u0161ky b\u00fdvaj\u00ed vzpom\u00ednkou na slunn\u00e9 ji\u017en\u00ed kraje. A nebo na p\u0159\u00e1tele. Pokud od n\u011bkoho z nich dostanete v\u011btvi\u010dky ibi\u0161ku a d\u00e1te si je doma do sklenice s vodou, tak zako\u0159en\u00ed, vyrostou a pokud jim v\u011bnujete l\u00e1skyplnou p\u00e9\u010di, \u010dasto i vykvetou.<\/p>\n<p style=\"text-align: justify;\">Ke\u0159\u00ed\u010dky \u0161lecht\u011bn\u00fdch r\u016fznobarevn\u00fdch i plnokv\u011bt\u00fdch ibi\u0161k\u016f mohou b\u00fdt tak\u00e9 mil\u00fdm d\u00e1rkem, kter\u00fd koup\u00edte v kv\u011btin\u00e1\u0159stv\u00ed. A tak\u00e9 jsou kr\u00e1sn\u00fdm motivem pro malov\u00e1n\u00ed, vy\u0161\u00edv\u00e1n\u00ed nebo vytv\u00e1\u0159en\u00ed kv\u011bt\u016f z hedv\u00e1bn\u00e9ho pap\u00edru. Vyzkou\u0161ejte!<\/p>\n<p style=\"text-align: justify;\">Na t\u00e9to str\u00e1nce se m\u016f\u017eete pot\u011b\u0161it a inspirovat fotografiemi ibi\u0161k\u016f, kter\u00e9 v lo\u0148sk\u00e9m roce rozkvetly pan\u00ed Marii N\u011bmcov\u00e9 v penzionu v Nov\u00fdch Losin\u00e1ch.<\/p>\n<p style=\"text-align: justify;\">Fotografie po\u0159\u00eddila a zaslala pan\u00ed Kub\u00ed\u010dkov\u00e1. D\u011bkujeme \ud83d\ude42<\/p>\n<p style=\"text-align: justify;\"><a href=\"http:\/\/hanusovice.casd.cz\/wp-content\/uploads\/2015\/06\/ibi\u0161ek-N\u011bmcov\u00e1-2014-2.jpg\"><img loading=\"lazy\" decoding=\"async\" class=\"alignnone size-full wp-image-2296\" src=\"http:\/\/hanusovice.casd.cz\/wp-content\/uploads\/2015\/06\/ibi\u0161ek-N\u011bmcov\u00e1-2014-2.jpg\" alt=\"ibi\u0161ek - N\u011bmcov\u00e1 2014 (2)\" width=\"1000\" height=\"750\" srcset=\"https:\/\/hanusovice.casd.cz\/wp-content\/uploads\/2015\/06\/ibi\u0161ek-N\u011bmcov\u00e1-2014-2.jpg 1000w, https:\/\/hanusovice.casd.cz\/wp-content\/uploads\/2015\/06\/ibi\u0161ek-N\u011bmcov\u00e1-2014-2-300x225.jpg 300w\" sizes=\"auto, (max-width: 1000px) 100vw, 1000px\" \/><\/a> <a href=\"http:\/\/hanusovice.casd.cz\/wp-content\/uploads\/2015\/06\/ibi\u0161ek-N\u011bmcov\u00e1-2014.jpg\"><img loading=\"lazy\" decoding=\"async\" class=\"alignnone size-full wp-image-2295\" src=\"http:\/\/hanusovice.casd.cz\/wp-content\/uploads\/2015\/06\/ibi\u0161ek-N\u011bmcov\u00e1-2014.jpg\" alt=\"ibi\u0161ek - N\u011bmcov\u00e1 2014\" width=\"1000\" height=\"750\" srcset=\"https:\/\/hanusovice.casd.cz\/wp-content\/uploads\/2015\/06\/ibi\u0161ek-N\u011bmcov\u00e1-2014.jpg 1000w, https:\/\/hanusovice.casd.cz\/wp-content\/uploads\/2015\/06\/ibi\u0161ek-N\u011bmcov\u00e1-2014-300x225.jpg 300w\" sizes=\"auto, (max-width: 1000px) 100vw, 1000px\" \/><\/a> <a href=\"http:\/\/hanusovice.casd.cz\/wp-content\/uploads\/2015\/06\/Fotografie-0019.jpg\"><img loading=\"lazy\" decoding=\"async\" class=\"alignnone size-full wp-image-2294\" src=\"http:\/\/hanusovice.casd.cz\/wp-content\/uploads\/2015\/06\/Fotografie-0019.jpg\" alt=\"Fotografie-0019\" width=\"1000\" height=\"750\" srcset=\"https:\/\/hanusovice.casd.cz\/wp-content\/uploads\/2015\/06\/Fotografie-0019.jpg 1000w, https:\/\/hanusovice.casd.cz\/wp-content\/uploads\/2015\/06\/Fotografie-0019-300x225.jpg 300w\" sizes=\"auto, (max-width: 1000px) 100vw, 1000px\" \/><\/a><\/p>\n<p style=\"text-align: justify;\">\n","protected":false},"excerpt":{"rendered":"<p>Ibi\u0161ky b\u00fdvaj\u00ed vzpom\u00ednkou na slunn\u00e9 ji\u017en\u00ed kraje. A nebo na p\u0159\u00e1tele. Pokud od n\u011bkoho z nich dostanete v\u011btvi\u010dky ibi\u0161ku a d\u00e1te si je doma do sklenice s vodou, tak zako\u0159en\u00ed, vyrostou a pokud jim v\u011bnujete l\u00e1skyplnou p\u00e9\u010di, \u010dasto i vykvetou. Ke\u0159\u00ed\u010dky \u0161lecht\u011bn\u00fdch r\u016fznobarevn\u00fdch i plnokv\u011bt\u00fdch ibi\u0161k\u016f mohou b\u00fdt tak\u00e9 mil\u00fdm d\u00e1rkem, kter\u00fd koup\u00edte v kv\u011btin\u00e1\u0159stv\u00ed.&hellip;<\/p>\n","protected":false},"author":1,"featured_media":2294,"comment_status":"open","ping_status":"open","sticky":false,"template":"","format":"standard","meta":{"ngg_post_thumbnail":0,"footnotes":""},"categories":[40,15],"tags":[],"class_list":["post-2293","post","type-post","status-publish","format-standard","has-post-thumbnail","hentry","category-barevne-kvety","category-deti"],"_links":{"self":[{"href":"https:\/\/hanusovice.casd.cz\/index.php?rest_route=\/wp\/v2\/posts\/2293","targetHints":{"allow":["GET"]}}],"collection":[{"href":"https:\/\/hanusovice.casd.cz\/index.php?rest_route=\/wp\/v2\/posts"}],"about":[{"href":"https:\/\/hanusovice.casd.cz\/index.php?rest_route=\/wp\/v2\/types\/post"}],"author":[{"embeddable":true,"href":"https:\/\/hanusovice.casd.cz\/index.php?rest_route=\/wp\/v2\/users\/1"}],"replies":[{"embeddable":true,"href":"https:\/\/hanusovice.casd.cz\/index.php?rest_route=%2Fwp%2Fv2%2Fcomments&post=2293"}],"version-history":[{"count":3,"href":"https:\/\/hanusovice.casd.cz\/index.php?rest_route=\/wp\/v2\/posts\/2293\/revisions"}],"predecessor-version":[{"id":2300,"href":"https:\/\/hanusovice.casd.cz\/index.php?rest_route=\/wp\/v2\/posts\/2293\/revisions\/2300"}],"wp:featuredmedia":[{"embeddable":true,"href":"https:\/\/hanusovice.casd.cz\/index.php?rest_route=\/wp\/v2\/media\/2294"}],"wp:attachment":[{"href":"https:\/\/hanusovice.casd.cz\/index.php?rest_route=%2Fwp%2Fv2%2Fmedia&parent=2293"}],"wp:term":[{"taxonomy":"category","embeddable":true,"href":"https:\/\/hanusovice.casd.cz\/index.php?rest_route=%2Fwp%2Fv2%2Fcategories&post=2293"},{"taxonomy":"post_tag","embeddable":true,"href":"https:\/\/hanusovice.casd.cz\/index.php?rest_route=%2Fwp%2Fv2%2Ftags&post=2293"}],"curies":[{"name":"wp","href":"https:\/\/api.w.org\/{rel}","templated":true}]}}