{"id":1738,"date":"2015-04-06T18:06:04","date_gmt":"2015-04-06T16:06:04","guid":{"rendered":"http:\/\/hanusovice.casd.cz\/?p=1738"},"modified":"2015-10-14T20:04:25","modified_gmt":"2015-10-14T18:04:25","slug":"ptaci-hadanky-soutez","status":"publish","type":"post","link":"https:\/\/hanusovice.casd.cz\/?p=1738","title":{"rendered":"Pta\u010d\u00ed h\u00e1danky &#8211; sout\u011b\u017e"},"content":{"rendered":"<p style=\"text-align: justify;\">Pan Ji\u0159\u00ed Gill v\u00e1m nakreslil n\u011bkolik na\u0161ich pt\u00e1k\u016f. Zkuste \u00a0uhodnout, jak se kter\u00fd jmenuje?<\/p>\n<p style=\"text-align: justify;\">D\u011bti by mohly zkusit h\u00e1dat podle v\u011bku: Do 10 let zkusit uhodnout 3 pt\u00e1ky, do 12 let 6 pt\u00e1k\u016f a ti star\u0161\u00ed v\u010detn\u011b dosp\u011bl\u00fdch 9. Bonus z\u00edsk\u00e1v\u00e1 ten, kdo je uhodne ve spr\u00e1vn\u00e9m po\u0159ad\u00ed v\u0161echny! \u00a0\u00dapln\u011b dole pod p\u0159\u00edsp\u011bvkem najdete n\u00e1pov\u011bdu.<\/p>\n<p style=\"text-align: justify;\">Pros\u00edm, nepi\u0161t\u011b odpov\u011bdi p\u0159\u00edmo do koment\u00e1\u0159e, napi\u0161te mi je zat\u00edm na mailovou adresu b.hyvnarova@seznam.cz, aby ji ostatn\u00ed nevid\u011bli. Budu v\u00e1s pr\u016fb\u011b\u017en\u011b informovat o tom, jak h\u00e1d\u00e1n\u00ed pokra\u010duje. Vyhodnocen\u00ed bude spolu s vyhodnocen\u00edm cel\u00fdch &#8222;Pta\u010d\u00edch inspirac\u00ed.&#8220; M\u016f\u017eete se t\u011b\u0161it na drobn\u00e9 odm\u011bny.<\/p>\n<p style=\"text-align: justify;\">1. Prvn\u00ed pt\u00e1\u010dek je mali\u010dk\u00fd. Nejmen\u0161\u00ed u n\u00e1s a v\u016fbec v cel\u00e9 Evrop\u011b. Jeho vaj\u00ed\u010dka nejsou o moc v\u011bt\u0161\u00ed ne\u017e 1 cm.<\/p>\n<p style=\"text-align: justify;\">M\u00e1 zavalit\u00e9 t\u011bl\u00ed\u010dko, kr\u00e1tk\u00fd oc\u00e1sek, \u0161pi\u010dat\u00fd \u010dern\u00fd zob\u00e1\u010dek. Je sv\u011btle zelen\u00fd, m\u00e1 \u010dernob\u00edl\u00e1 k\u0159id\u00e9lka, na hlavi\u010dce \u010dern\u011b lemovan\u00fd oran\u017eov\u00fd prou\u017eek (sami\u010dka \u017elut\u00fd) a sv\u011btl\u00e9 b\u0159\u00ed\u0161ko. Je nen\u00e1padn\u00fd, tak\u017ee ho sp\u00ed\u0161e v p\u0159\u00edrod\u011b usly\u0161\u00edme ne\u017e uvid\u00edme. \u017div\u00ed se hmyzem a semeny jehli\u010dnat\u00fdch strom\u016f.<\/p>\n<p style=\"text-align: justify;\"><a href=\"http:\/\/hanusovice.casd.cz\/wp-content\/uploads\/2015\/04\/kr\u00e1l\u00ed\u010dek-obecn\u00fd.jpg\"><img loading=\"lazy\" decoding=\"async\" class=\"alignnone  wp-image-1744\" src=\"http:\/\/hanusovice.casd.cz\/wp-content\/uploads\/2015\/04\/kr\u00e1l\u00ed\u010dek-obecn\u00fd-1024x768.jpg\" alt=\"kr\u00e1l\u00ed\u010dek obecn\u00fd\" width=\"256\" height=\"192\" srcset=\"https:\/\/hanusovice.casd.cz\/wp-content\/uploads\/2015\/04\/kr\u00e1l\u00ed\u010dek-obecn\u00fd-1024x768.jpg 1024w, https:\/\/hanusovice.casd.cz\/wp-content\/uploads\/2015\/04\/kr\u00e1l\u00ed\u010dek-obecn\u00fd-300x225.jpg 300w, https:\/\/hanusovice.casd.cz\/wp-content\/uploads\/2015\/04\/kr\u00e1l\u00ed\u010dek-obecn\u00fd.jpg 1946w\" sizes=\"auto, (max-width: 256px) 100vw, 256px\" \/><\/a><\/p>\n<p style=\"text-align: justify;\">2. Druh\u00fd pt\u00e1k je velk\u00fd asi jako vrabe\u010dek, ale je v\u00edce zavalit\u00fd, m\u00e1 kr\u00e1tk\u00e9 no\u017eky, velkou hlavu a zob\u00e1k jako \u0161\u00eddlo. Z\u00e1da a \u010depi\u010dku m\u00e1 \u0161edivou, kolem o\u010d\u00ed se mu od zob\u00e1\u010dku t\u00e1hne \u010dern\u00fd pruh, l\u00ed\u010dka a krk m\u00e1 b\u00edl\u00fd a b\u0159\u00ed\u0161ko zbarven\u00e9 oran\u017eov\u011b.\u00a0Kdy\u017e let\u00ed, je to, jako by sv\u00fdm t\u011blem kreslil vlnky.<\/p>\n<p style=\"text-align: justify;\">Bydl\u00ed v les\u00edch a v\u00fdborn\u011b \u0161plh\u00e1 po stromech. Jako jedin\u00fd pt\u00e1k v Evrop\u011b um\u00ed \u0161plhat i hlavou dol\u016f. \u017div\u00ed se semeny a d\u011bl\u00e1 si z\u00e1soby na zimu. Hn\u00edzd\u00ed v dutin\u00e1ch strom\u016f. Pokud najde dutinu s velk\u00fdm vchodem, tak ho z \u010d\u00e1sti zazd\u00ed hl\u00ednou, aby tam nemohl vlet\u011bt v\u011bt\u0161\u00ed pt\u00e1k. Je to m\u016fj nemilej\u0161\u00ed \u010desk\u00fd pt\u00e1\u010dek, tak ho, pros\u00edm, uhodn\u011bte. \ud83d\ude42<\/p>\n<p style=\"text-align: justify;\"><a href=\"http:\/\/hanusovice.casd.cz\/wp-content\/uploads\/2015\/04\/brhl\u00edk-lesn\u00ed.jpg\"><img loading=\"lazy\" decoding=\"async\" class=\"alignnone  wp-image-1743\" src=\"http:\/\/hanusovice.casd.cz\/wp-content\/uploads\/2015\/04\/brhl\u00edk-lesn\u00ed-1024x768.jpg\" alt=\"brhl\u00edk  lesn\u00ed\" width=\"289\" height=\"217\" srcset=\"https:\/\/hanusovice.casd.cz\/wp-content\/uploads\/2015\/04\/brhl\u00edk-lesn\u00ed-1024x768.jpg 1024w, https:\/\/hanusovice.casd.cz\/wp-content\/uploads\/2015\/04\/brhl\u00edk-lesn\u00ed-300x225.jpg 300w, https:\/\/hanusovice.casd.cz\/wp-content\/uploads\/2015\/04\/brhl\u00edk-lesn\u00ed.jpg 1860w\" sizes=\"auto, (max-width: 289px) 100vw, 289px\" \/><\/a><\/p>\n<p style=\"text-align: justify;\">3. Dal\u0161\u00ed pt\u00e1\u010dek je velk\u00fd asi 15 cm a nen\u00e1padn\u00fd. Je zbarven\u00fd olivov\u011b hn\u011bd\u011b a samec m\u00e1 v l\u00e9t\u011b \u017elutou hlavi\u010dku. Pat\u0159\u00ed k p\u011bvc\u016fm a n\u00e1dhern\u011b zp\u00edv\u00e1. Bydl\u00ed na pastvin\u00e1ch, m\u00fdtin\u00e1ch a okraj\u00edch les\u016f.<\/p>\n<p style=\"text-align: justify;\">Potravu sb\u00edr\u00e1 na zemi. \u017dere \u017e\u00ed\u017ealy, pavouky, drobn\u00e9 m\u011bkk\u00fd\u0161e. Na podzim a v zim\u011b semena. V zim\u011b l\u00e9t\u00e1 v hejnech s ostatn\u00edmi podobn\u00fdmi pt\u00e1ky.<\/p>\n<p style=\"text-align: justify;\"><a href=\"http:\/\/hanusovice.casd.cz\/wp-content\/uploads\/2015\/04\/strnad-obecn\u00fd.jpg\"><img loading=\"lazy\" decoding=\"async\" class=\"alignnone  wp-image-1742\" src=\"http:\/\/hanusovice.casd.cz\/wp-content\/uploads\/2015\/04\/strnad-obecn\u00fd-1024x768.jpg\" alt=\"strnad obecn\u00fd\" width=\"275\" height=\"206\" srcset=\"https:\/\/hanusovice.casd.cz\/wp-content\/uploads\/2015\/04\/strnad-obecn\u00fd-1024x768.jpg 1024w, https:\/\/hanusovice.casd.cz\/wp-content\/uploads\/2015\/04\/strnad-obecn\u00fd-300x225.jpg 300w, https:\/\/hanusovice.casd.cz\/wp-content\/uploads\/2015\/04\/strnad-obecn\u00fd.jpg 1976w\" sizes=\"auto, (max-width: 275px) 100vw, 275px\" \/><\/a><\/p>\n<p style=\"text-align: justify;\">4. Nen\u00e1padn\u00fd malink\u00fd pt\u00e1\u010dek, kter\u00fd sice pat\u0159\u00ed k nejmen\u0161\u00edm pt\u00e1k\u016fm v Evrop\u011b, ale jeho zp\u011bv je sly\u0161et do daleka. Je hn\u011bd\u00fd s \u0161ed\u00fdm b\u0159\u00ed\u0161kem, oc\u00e1sek m\u00edv\u00e1 vzty\u010den\u00fd.<\/p>\n<p style=\"text-align: justify;\">\u017dije v les\u00edch, na zahrad\u00e1ch i v parc\u00edch. Lov\u00ed pavouky,stono\u017eky, hmyz, ob\u010das sb\u00edr\u00e1 r\u016fzn\u00e9 bobule a semena.<\/p>\n<p style=\"text-align: justify;\"><a href=\"http:\/\/hanusovice.casd.cz\/wp-content\/uploads\/2015\/04\/st\u0159\u00edzl\u00edk-obecn\u00fd.jpg\"><img loading=\"lazy\" decoding=\"async\" class=\"alignnone  wp-image-1741\" src=\"http:\/\/hanusovice.casd.cz\/wp-content\/uploads\/2015\/04\/st\u0159\u00edzl\u00edk-obecn\u00fd-1024x768.jpg\" alt=\"st\u0159\u00edzl\u00edk obecn\u00fd\" width=\"269\" height=\"202\" srcset=\"https:\/\/hanusovice.casd.cz\/wp-content\/uploads\/2015\/04\/st\u0159\u00edzl\u00edk-obecn\u00fd-1024x768.jpg 1024w, https:\/\/hanusovice.casd.cz\/wp-content\/uploads\/2015\/04\/st\u0159\u00edzl\u00edk-obecn\u00fd-300x225.jpg 300w, https:\/\/hanusovice.casd.cz\/wp-content\/uploads\/2015\/04\/st\u0159\u00edzl\u00edk-obecn\u00fd.jpg 1632w\" sizes=\"auto, (max-width: 269px) 100vw, 269px\" \/><\/a><\/p>\n<p style=\"text-align: justify;\">5. Je to zp\u011bvn\u00fd pt\u00e1\u010dek, kter\u00fd \u017eije na hor\u00e1ch\u00a0v les\u00edch v hust\u00e9m porostu. \u0160plh\u00e1 spir\u00e1lovit\u011b po stromech legra\u010dn\u00edm trhav\u00fdm zp\u016fsobem. Pom\u00e1h\u00e1 mu v tom jeho tuh\u00fd oc\u00e1sek.<\/p>\n<p style=\"text-align: justify;\">Je zbarven\u00fd jako k\u016fra a m\u00e1 zahnut\u00fd dlouh\u00fd zob\u00e1\u010dek. Z k\u016fry strom\u016f vyb\u00edr\u00e1 hmyz, larvy a pavouky.<\/p>\n<p style=\"text-align: justify;\"><a href=\"http:\/\/hanusovice.casd.cz\/wp-content\/uploads\/2015\/04\/\u0161oup\u00e1lek.jpg\"><img loading=\"lazy\" decoding=\"async\" class=\"alignnone  wp-image-1740\" src=\"http:\/\/hanusovice.casd.cz\/wp-content\/uploads\/2015\/04\/\u0161oup\u00e1lek-768x1024.jpg\" alt=\"\u0161oup\u00e1lek\" width=\"264\" height=\"352\" srcset=\"https:\/\/hanusovice.casd.cz\/wp-content\/uploads\/2015\/04\/\u0161oup\u00e1lek-768x1024.jpg 768w, https:\/\/hanusovice.casd.cz\/wp-content\/uploads\/2015\/04\/\u0161oup\u00e1lek-225x300.jpg 225w, https:\/\/hanusovice.casd.cz\/wp-content\/uploads\/2015\/04\/\u0161oup\u00e1lek.jpg 1510w\" sizes=\"auto, (max-width: 264px) 100vw, 264px\" \/><\/a><\/p>\n<p style=\"text-align: justify;\">6. Dal\u0161\u00ed pt\u00e1\u010dek nen\u00ed v\u011bt\u0161\u00ed ne\u017e vrabec, je \u0161t\u00edhl\u00fd, bydl\u00ed u vody, ale i ve m\u011bstech a na vesnic\u00edch. \u017div\u00ed se hmyzem a na zimu odl\u00e9t\u00e1 do Afriky na jih od rovn\u00edku. M\u00e1 v\u00fdraznou tmavou n\u00e1prsenku a pozn\u00e1te ho lehce podle &#8222;vrt\u011bn\u00ed oc\u00e1skem&#8220;.<\/p>\n<p style=\"text-align: justify;\"><a href=\"http:\/\/hanusovice.casd.cz\/wp-content\/uploads\/2015\/04\/konipas-b\u00edl\u00fd.jpg\"><img loading=\"lazy\" decoding=\"async\" class=\"alignnone  wp-image-1739\" src=\"http:\/\/hanusovice.casd.cz\/wp-content\/uploads\/2015\/04\/konipas-b\u00edl\u00fd-1024x768.jpg\" alt=\"konipas b\u00edl\u00fd\" width=\"270\" height=\"202\" srcset=\"https:\/\/hanusovice.casd.cz\/wp-content\/uploads\/2015\/04\/konipas-b\u00edl\u00fd-1024x768.jpg 1024w, https:\/\/hanusovice.casd.cz\/wp-content\/uploads\/2015\/04\/konipas-b\u00edl\u00fd-300x225.jpg 300w, https:\/\/hanusovice.casd.cz\/wp-content\/uploads\/2015\/04\/konipas-b\u00edl\u00fd.jpg 1746w\" sizes=\"auto, (max-width: 270px) 100vw, 270px\" \/><\/a><\/p>\n<p style=\"text-align: justify;\">7. Sedm\u00fd pt\u00e1k je v\u011bt\u0161\u00ed ne\u017e ti p\u0159edchoz\u00ed. Kdy\u017e jsem byla mal\u00e1, na\u0161li jsme ho zran\u011bn\u00e9ho a tak jsme ho p\u0159inesli dom\u016f na l\u00e9\u010den\u00ed. Je to n\u00e1dhern\u00e1, ne moc velk\u00e1 sovi\u010dka s velk\u00fdma oran\u017eov\u00fdma o\u010dima a pe\u0159\u00ed\u010dky kolem u\u0161n\u00edch otvor\u016f. (Podle t\u011bch &#8222;u\u0161\u00ed&#8220; se tak\u00e9 jmenuje.)<\/p>\n<p style=\"text-align: justify;\">M\u00e1 v\u00fdborn\u00fd sluch a zrak a lov\u00ed hlavn\u011b hrabo\u0161e. Proto tak\u00e9 m\u00e1 ostr\u00e9 dr\u00e1py a siln\u00fd zahnut\u00fd zob\u00e1k. T\u011blo m\u00e1 pokryt\u00e9 hust\u00fdm m\u011bkou\u010dk\u00fdm pe\u0159\u00edm. L\u00e9t\u00e1 naprosto ti\u0161e.<\/p>\n<p style=\"text-align: justify;\"><a href=\"http:\/\/hanusovice.casd.cz\/wp-content\/uploads\/2015\/04\/kalous-u\u0161at\u00fd.jpg\"><img loading=\"lazy\" decoding=\"async\" class=\"alignnone  wp-image-1745\" src=\"http:\/\/hanusovice.casd.cz\/wp-content\/uploads\/2015\/04\/kalous-u\u0161at\u00fd-768x1024.jpg\" alt=\"kalous u\u0161at\u00fd\" width=\"278\" height=\"370\" srcset=\"https:\/\/hanusovice.casd.cz\/wp-content\/uploads\/2015\/04\/kalous-u\u0161at\u00fd-768x1024.jpg 768w, https:\/\/hanusovice.casd.cz\/wp-content\/uploads\/2015\/04\/kalous-u\u0161at\u00fd-225x300.jpg 225w, https:\/\/hanusovice.casd.cz\/wp-content\/uploads\/2015\/04\/kalous-u\u0161at\u00fd.jpg 1516w\" sizes=\"auto, (max-width: 278px) 100vw, 278px\" \/><\/a><\/p>\n<p style=\"text-align: justify;\">8. Osm\u00fd pt\u00e1k je velk\u00fd \u0161plhoun. Vlastn\u011b \u0161plhavec. M\u011b\u0159\u00ed p\u0159es 20 cm, je \u010dernob\u00edl\u00fd, pod ocasem \u010derven\u00fd a samci maj\u00ed i \u010dervenou \u010depi\u010dku. Jeho n\u00e1mluvy jsou docela hlasit\u00e9. Od \u010dasn\u00e9ho r\u00e1na tlu\u010de sv\u00fdm zob\u00e1kem nejenom do strom\u016f, ale i do betonov\u00fdch sloup\u016f a plechov\u00fdch st\u0159ech. Hlavn\u011b aby to sami\u010dka sly\u0161ela!<\/p>\n<p style=\"text-align: justify;\">\u017dije v dutin\u00e1ch strom\u016f, \u017eiv\u00e1 se hmyzem, ale i r\u016fzn\u00fdmi plody a semeny. V zim\u011b k v\u00e1m n\u011bkdy p\u0159ilet\u00ed i na l\u016fj.<\/p>\n<p style=\"text-align: justify;\"><a href=\"http:\/\/hanusovice.casd.cz\/wp-content\/uploads\/2015\/04\/strakapoud-velk\u00fd.jpg\"><img loading=\"lazy\" decoding=\"async\" class=\"alignnone  wp-image-1746\" src=\"http:\/\/hanusovice.casd.cz\/wp-content\/uploads\/2015\/04\/strakapoud-velk\u00fd-768x1024.jpg\" alt=\"strakapoud velk\u00fd\" width=\"288\" height=\"384\" srcset=\"https:\/\/hanusovice.casd.cz\/wp-content\/uploads\/2015\/04\/strakapoud-velk\u00fd-768x1024.jpg 768w, https:\/\/hanusovice.casd.cz\/wp-content\/uploads\/2015\/04\/strakapoud-velk\u00fd-225x300.jpg 225w, https:\/\/hanusovice.casd.cz\/wp-content\/uploads\/2015\/04\/strakapoud-velk\u00fd.jpg 1544w\" sizes=\"auto, (max-width: 288px) 100vw, 288px\" \/><\/a><\/p>\n<p style=\"text-align: justify;\">9. Dal\u0161\u00ed pt\u00e1k \u017eije tak\u00e9 v na\u0161ich les\u00edch, Je kr\u00e1sn\u011b barevn\u00fd a pozn\u00e1te ho podle modr\u00fdch pe\u0159\u00ed\u010dek a sk\u0159ehotav\u00e9ho vol\u00e1n\u00ed, kter\u00fdm varuje ostatn\u00ed \u017eivo\u010dichy v lese p\u0159ed mo\u017en\u00fdm nebezpe\u010d\u00edm. J\u00ed r\u016fzn\u00e9 bobule, semena a plody. Najdete ji zvl\u00e1\u0161t\u011b tam, kde rostou \u017ealudy.<\/p>\n<p style=\"text-align: justify;\"><a href=\"http:\/\/hanusovice.casd.cz\/wp-content\/uploads\/2015\/04\/sojka-obecn\u00e1.jpg\"><img loading=\"lazy\" decoding=\"async\" class=\"alignnone  wp-image-1747\" src=\"http:\/\/hanusovice.casd.cz\/wp-content\/uploads\/2015\/04\/sojka-obecn\u00e1-1024x768.jpg\" alt=\"sojka obecn\u00e1\" width=\"288\" height=\"216\" srcset=\"https:\/\/hanusovice.casd.cz\/wp-content\/uploads\/2015\/04\/sojka-obecn\u00e1-1024x768.jpg 1024w, https:\/\/hanusovice.casd.cz\/wp-content\/uploads\/2015\/04\/sojka-obecn\u00e1-300x225.jpg 300w, https:\/\/hanusovice.casd.cz\/wp-content\/uploads\/2015\/04\/sojka-obecn\u00e1.jpg 1840w\" sizes=\"auto, (max-width: 288px) 100vw, 288px\" \/><\/a><\/p>\n<p style=\"text-align: justify;\">10. Des\u00e1t\u00fd pt\u00e1\u010dek je mali\u010dk\u00fd, velk\u00fd asi jako vrabec, m\u00e1 siln\u00fd zob\u00e1k a je nen\u00e1padn\u011b, zeleno\u0161ed\u011b nebo hn\u011bdo\u0161ed\u011b, zbarven\u00fd. Na k\u0159\u00eddlech m\u00e1 \u017elutozelenu skvrnu a na ocase dva \u017elut\u00e9 pruhy.<\/p>\n<p style=\"text-align: justify;\">\u017div\u00ed se semeny a drobn\u00fdm hmyzem. Pozn\u00e1te ho podle kr\u00e1sn\u00e9ho zvoniv\u00e9ho zp\u011bvu.<\/p>\n<p style=\"text-align: justify;\"><img loading=\"lazy\" decoding=\"async\" class=\"alignnone  wp-image-1748\" src=\"http:\/\/hanusovice.casd.cz\/wp-content\/uploads\/2015\/04\/zvonek-zelen\u00fd-1024x768.jpg\" alt=\"zvonek zelen\u00fd\" width=\"295\" height=\"221\" srcset=\"https:\/\/hanusovice.casd.cz\/wp-content\/uploads\/2015\/04\/zvonek-zelen\u00fd-1024x768.jpg 1024w, https:\/\/hanusovice.casd.cz\/wp-content\/uploads\/2015\/04\/zvonek-zelen\u00fd-300x225.jpg 300w, https:\/\/hanusovice.casd.cz\/wp-content\/uploads\/2015\/04\/zvonek-zelen\u00fd.jpg 1358w\" sizes=\"auto, (max-width: 295px) 100vw, 295px\" \/><\/p>\n<p style=\"text-align: justify;\">\u00a011. A posledn\u00ed pt\u00e1\u010dek? Je men\u0161\u00ed ne\u017e kos a hn\u00edzd\u00ed v tr\u00e1v\u011b nebo na poli. Je nen\u00e1padn\u011b zbarven\u00fd a n\u00e1dhern\u011b v letu vysoko na obloze zp\u00edv\u00e1. Toho jist\u011b lehce uhodnete, \u017ee?<\/p>\n<p style=\"text-align: justify;\"><a href=\"http:\/\/hanusovice.casd.cz\/wp-content\/uploads\/2015\/04\/sk\u0159ivan-poln\u00ed.jpg\"><img loading=\"lazy\" decoding=\"async\" class=\"alignnone size-medium wp-image-1750\" src=\"http:\/\/hanusovice.casd.cz\/wp-content\/uploads\/2015\/04\/sk\u0159ivan-poln\u00ed-300x225.jpg\" alt=\"sk\u0159ivan poln\u00ed\" width=\"300\" height=\"225\" srcset=\"https:\/\/hanusovice.casd.cz\/wp-content\/uploads\/2015\/04\/sk\u0159ivan-poln\u00ed-300x225.jpg 300w, https:\/\/hanusovice.casd.cz\/wp-content\/uploads\/2015\/04\/sk\u0159ivan-poln\u00ed-1024x768.jpg 1024w, https:\/\/hanusovice.casd.cz\/wp-content\/uploads\/2015\/04\/sk\u0159ivan-poln\u00ed.jpg 1708w\" sizes=\"auto, (max-width: 300px) 100vw, 300px\" \/><\/a><\/p>\n<p style=\"text-align: justify;\">A je\u0161t\u011b ta n\u00e1pov\u011bda (p\u00edsmena jsem trochu p\u0159eh\u00e1zela):<\/p>\n<p style=\"text-align: justify;\"><span style=\"font-size: 14pt; font-family: 'andale mono', times;\">Kipanos l\u00edb\u00fd, drstna ecobn\u00fd, hrbl\u00edk seln\u00ed, r\u00e1kl\u00ed\u010dek bocen\u00fd, lakous \u0161uat\u00fd, nozvek lezen\u00fd, p\u00e1\u0161oulek phodlousrt\u00fd, z\u0159\u00edstl\u00edk cebon\u00fd,\u00a0joska b\u00e1ecno,\u00a0ivan\u0159sk lopn\u00ed,\u00a0katasrpoud kelv\u00fd.<\/span><\/p>\n","protected":false},"excerpt":{"rendered":"<p>Pan Ji\u0159\u00ed Gill v\u00e1m nakreslil n\u011bkolik na\u0161ich pt\u00e1k\u016f. Zkuste \u00a0uhodnout, jak se kter\u00fd jmenuje? D\u011bti by mohly zkusit h\u00e1dat podle v\u011bku: Do 10 let zkusit uhodnout 3 pt\u00e1ky, do 12 let 6 pt\u00e1k\u016f a ti star\u0161\u00ed v\u010detn\u011b dosp\u011bl\u00fdch 9. Bonus z\u00edsk\u00e1v\u00e1 ten, kdo je uhodne ve spr\u00e1vn\u00e9m po\u0159ad\u00ed v\u0161echny! \u00a0\u00dapln\u011b dole pod p\u0159\u00edsp\u011bvkem najdete n\u00e1pov\u011bdu.&hellip;<\/p>\n","protected":false},"author":1,"featured_media":1751,"comment_status":"open","ping_status":"open","sticky":false,"template":"","format":"standard","meta":{"ngg_post_thumbnail":0,"footnotes":""},"categories":[15,37],"tags":[],"class_list":["post-1738","post","type-post","status-publish","format-standard","has-post-thumbnail","hentry","category-deti","category-ptaci-inspirace"],"_links":{"self":[{"href":"https:\/\/hanusovice.casd.cz\/index.php?rest_route=\/wp\/v2\/posts\/1738","targetHints":{"allow":["GET"]}}],"collection":[{"href":"https:\/\/hanusovice.casd.cz\/index.php?rest_route=\/wp\/v2\/posts"}],"about":[{"href":"https:\/\/hanusovice.casd.cz\/index.php?rest_route=\/wp\/v2\/types\/post"}],"author":[{"embeddable":true,"href":"https:\/\/hanusovice.casd.cz\/index.php?rest_route=\/wp\/v2\/users\/1"}],"replies":[{"embeddable":true,"href":"https:\/\/hanusovice.casd.cz\/index.php?rest_route=%2Fwp%2Fv2%2Fcomments&post=1738"}],"version-history":[{"count":3,"href":"https:\/\/hanusovice.casd.cz\/index.php?rest_route=\/wp\/v2\/posts\/1738\/revisions"}],"predecessor-version":[{"id":1899,"href":"https:\/\/hanusovice.casd.cz\/index.php?rest_route=\/wp\/v2\/posts\/1738\/revisions\/1899"}],"wp:featuredmedia":[{"embeddable":true,"href":"https:\/\/hanusovice.casd.cz\/index.php?rest_route=\/wp\/v2\/media\/1751"}],"wp:attachment":[{"href":"https:\/\/hanusovice.casd.cz\/index.php?rest_route=%2Fwp%2Fv2%2Fmedia&parent=1738"}],"wp:term":[{"taxonomy":"category","embeddable":true,"href":"https:\/\/hanusovice.casd.cz\/index.php?rest_route=%2Fwp%2Fv2%2Fcategories&post=1738"},{"taxonomy":"post_tag","embeddable":true,"href":"https:\/\/hanusovice.casd.cz\/index.php?rest_route=%2Fwp%2Fv2%2Ftags&post=1738"}],"curies":[{"name":"wp","href":"https:\/\/api.w.org\/{rel}","templated":true}]}}