{"id":1420,"date":"2015-03-16T09:43:08","date_gmt":"2015-03-16T08:43:08","guid":{"rendered":"http:\/\/hanusovice.casd.cz\/?p=1420"},"modified":"2015-10-14T20:03:09","modified_gmt":"2015-10-14T18:03:09","slug":"prvni-prispevek-do-ptacich-inspiraci","status":"publish","type":"post","link":"https:\/\/hanusovice.casd.cz\/?p=1420","title":{"rendered":"Prvn\u00ed p\u0159\u00edsp\u011bvek do pta\u010d\u00edch inspirac\u00ed"},"content":{"rendered":"<p>Radek Kamler se vydal v ned\u011bli na v\u00fdlet a p\u0159inesl si \u00falovek &#8211; fotku s\u00fdkorky. Je to s\u00fdkora ko\u0148adra. Te\u010f v p\u0159edja\u0159\u00ed napl\u0148uje prostor kolem n\u00e1s n\u00e1dhern\u00fdm \u0161vito\u0159en\u00edm. Poslouchejte \ud83d\ude42<\/p>\n<p>Tak\u00e9 jste s\u00fdkork\u00e1m v zim\u011b pov\u011bsili lojov\u00e9 koule, sypali vlo\u010dky a slune\u010dnicov\u00e1 sem\u00ednka? Jestli ano, tak pak m\u00e1te ze zp\u011bvu s\u00fdkorek jist\u011b dvojn\u00e1sobnou \u00a0radost!<\/p>\n<p>PS: Radku, kudy jsi chodil?<\/p>\n<p><a href=\"http:\/\/hanusovice.casd.cz\/wp-content\/uploads\/2015\/03\/DSCF5933-001.jpg\"><img loading=\"lazy\" decoding=\"async\" class=\"alignnone size-full wp-image-1423\" src=\"http:\/\/hanusovice.casd.cz\/wp-content\/uploads\/2015\/03\/DSCF5933-001.jpg\" alt=\"DSCF5933-001\" width=\"823\" height=\"522\" srcset=\"https:\/\/hanusovice.casd.cz\/wp-content\/uploads\/2015\/03\/DSCF5933-001.jpg 823w, https:\/\/hanusovice.casd.cz\/wp-content\/uploads\/2015\/03\/DSCF5933-001-300x190.jpg 300w\" sizes=\"auto, (max-width: 823px) 100vw, 823px\" \/><\/a><\/p>\n<p>&nbsp;<\/p>\n<p><a href=\"http:\/\/hanusovice.casd.cz\/wp-content\/uploads\/2015\/03\/DSCF5943.jpg\"><img loading=\"lazy\" decoding=\"async\" class=\"alignnone  wp-image-1422\" src=\"http:\/\/hanusovice.casd.cz\/wp-content\/uploads\/2015\/03\/DSCF5943-300x225.jpg\" alt=\"DSCF5943\" width=\"343\" height=\"257\" srcset=\"https:\/\/hanusovice.casd.cz\/wp-content\/uploads\/2015\/03\/DSCF5943-300x225.jpg 300w, https:\/\/hanusovice.casd.cz\/wp-content\/uploads\/2015\/03\/DSCF5943-1024x768.jpg 1024w, https:\/\/hanusovice.casd.cz\/wp-content\/uploads\/2015\/03\/DSCF5943.jpg 1981w\" sizes=\"auto, (max-width: 343px) 100vw, 343px\" \/><\/a>\u00a0 \u00a0<a href=\"http:\/\/hanusovice.casd.cz\/wp-content\/uploads\/2015\/03\/DSCF5946.jpg\"><img loading=\"lazy\" decoding=\"async\" class=\"alignnone  wp-image-1421\" src=\"http:\/\/hanusovice.casd.cz\/wp-content\/uploads\/2015\/03\/DSCF5946-300x225.jpg\" alt=\"DSCF5946\" width=\"343\" height=\"257\" srcset=\"https:\/\/hanusovice.casd.cz\/wp-content\/uploads\/2015\/03\/DSCF5946-300x225.jpg 300w, https:\/\/hanusovice.casd.cz\/wp-content\/uploads\/2015\/03\/DSCF5946-1024x768.jpg 1024w\" sizes=\"auto, (max-width: 343px) 100vw, 343px\" \/><\/a><\/p>\n","protected":false},"excerpt":{"rendered":"<p>Radek Kamler se vydal v ned\u011bli na v\u00fdlet a p\u0159inesl si \u00falovek &#8211; fotku s\u00fdkorky. Je to s\u00fdkora ko\u0148adra. Te\u010f v p\u0159edja\u0159\u00ed napl\u0148uje prostor kolem n\u00e1s n\u00e1dhern\u00fdm \u0161vito\u0159en\u00edm. Poslouchejte \ud83d\ude42 Tak\u00e9 jste s\u00fdkork\u00e1m v zim\u011b pov\u011bsili lojov\u00e9 koule, sypali vlo\u010dky a slune\u010dnicov\u00e1 sem\u00ednka? Jestli ano, tak pak m\u00e1te ze zp\u011bvu s\u00fdkorek jist\u011b dvojn\u00e1sobnou \u00a0radost! PS:&hellip;<\/p>\n","protected":false},"author":1,"featured_media":1423,"comment_status":"open","ping_status":"open","sticky":false,"template":"","format":"standard","meta":{"ngg_post_thumbnail":0,"footnotes":""},"categories":[15,37,21],"tags":[],"class_list":["post-1420","post","type-post","status-publish","format-standard","has-post-thumbnail","hentry","category-deti","category-ptaci-inspirace","category-stedrakova-lhota"],"_links":{"self":[{"href":"https:\/\/hanusovice.casd.cz\/index.php?rest_route=\/wp\/v2\/posts\/1420","targetHints":{"allow":["GET"]}}],"collection":[{"href":"https:\/\/hanusovice.casd.cz\/index.php?rest_route=\/wp\/v2\/posts"}],"about":[{"href":"https:\/\/hanusovice.casd.cz\/index.php?rest_route=\/wp\/v2\/types\/post"}],"author":[{"embeddable":true,"href":"https:\/\/hanusovice.casd.cz\/index.php?rest_route=\/wp\/v2\/users\/1"}],"replies":[{"embeddable":true,"href":"https:\/\/hanusovice.casd.cz\/index.php?rest_route=%2Fwp%2Fv2%2Fcomments&post=1420"}],"version-history":[{"count":1,"href":"https:\/\/hanusovice.casd.cz\/index.php?rest_route=\/wp\/v2\/posts\/1420\/revisions"}],"predecessor-version":[{"id":1424,"href":"https:\/\/hanusovice.casd.cz\/index.php?rest_route=\/wp\/v2\/posts\/1420\/revisions\/1424"}],"wp:featuredmedia":[{"embeddable":true,"href":"https:\/\/hanusovice.casd.cz\/index.php?rest_route=\/wp\/v2\/media\/1423"}],"wp:attachment":[{"href":"https:\/\/hanusovice.casd.cz\/index.php?rest_route=%2Fwp%2Fv2%2Fmedia&parent=1420"}],"wp:term":[{"taxonomy":"category","embeddable":true,"href":"https:\/\/hanusovice.casd.cz\/index.php?rest_route=%2Fwp%2Fv2%2Fcategories&post=1420"},{"taxonomy":"post_tag","embeddable":true,"href":"https:\/\/hanusovice.casd.cz\/index.php?rest_route=%2Fwp%2Fv2%2Ftags&post=1420"}],"curies":[{"name":"wp","href":"https:\/\/api.w.org\/{rel}","templated":true}]}}