{"id":1403,"date":"2015-03-08T14:01:40","date_gmt":"2015-03-08T13:01:40","guid":{"rendered":"http:\/\/hanusovice.casd.cz\/?p=1403"},"modified":"2015-10-14T20:03:36","modified_gmt":"2015-10-14T18:03:36","slug":"mi-del-o-del-7","status":"publish","type":"post","link":"https:\/\/hanusovice.casd.cz\/?p=1403","title":{"rendered":"Mi del o Del 7"},"content":{"rendered":"<p style=\"text-align: justify;\">V\u00edt\u00e1m v\u00e1s u dal\u0161\u00edho d\u00edlu \u010cesko-romsk\u00e9ho po\u0159adu Mi del o Del. Co v n\u011bm tentokr\u00e1t usly\u0161\u00edte?<\/p>\n<p style=\"text-align: justify;\">&#8211; Bl\u00ed\u017e\u00ed se obdob\u00ed Velikonoc.\u00a0Popele\u010dn\u00ed st\u0159eda, o kter\u00e9 se Rozitka zmi\u0148uje, byla sice u\u017e v \u00fanoru, nicm\u00e9n\u011b, obdob\u00ed p\u016fstu je pro mnoh\u00e9 k\u0159es\u0165any t\u00e9matem st\u00e1le aktu\u00e1ln\u00edm.<\/p>\n<p style=\"text-align: justify;\">&#8211; Zaj\u00edm\u00e1 v\u00e1s, co je to p\u016fst, a pro\u010d se k\u0159es\u0165an\u00e9 je\u0161t\u011b i dnes post\u00ed? Helena Adamov\u00e1 se na to zeptala pana\u00a0Michala Petratura,\u00a0kazatele Bratrsk\u00e9 jednoty baptist\u016f v Blansku. Poslechn\u011bte si jeho odpov\u011b\u010f.<\/p>\n<p style=\"text-align: justify;\">&#8211; Mo\u017en\u00e1 v\u00e1s bude tak\u00e9 zaj\u00edmat p\u0159edvelikono\u010dn\u00ed anketa, ve kter\u00e9 Tereza Mertov\u00e1 oslovila lidi na ulici ot\u00e1zkou: &#8222;Co mysl\u00edte, kdo to je Je\u017e\u00ed\u0161 Kristus?&#8220; A co si o tom mysl\u00edte vy osobn\u011b?<\/p>\n<p style=\"text-align: justify;\">&#8211; K \u017eivotu s Kristem zve ve sv\u00e9m vyzn\u00e1n\u00ed Vlado Ol\u00e1h, b\u00fdval\u00fd p\u0159edseda Matice romsk\u00e9, spisovatel a b\u00e1sn\u00edk. P\u0159esto\u017ee u\u017e nen\u00ed mezi n\u00e1mi, mohou k n\u00e1m i dnes jeho slova \u00a0d\u00edky Ale\u0161i Barto\u0161kovi promlouvat.<\/p>\n<audio class=\"wp-audio-shortcode\" id=\"audio-1403-1\" preload=\"none\" style=\"width: 100%;\" controls=\"controls\"><source type=\"audio\/mpeg\" src=\"http:\/\/hanusovice.casd.cz\/wp-content\/uploads\/2015\/03\/P011620-Mi-del.mp3?_=1\" \/><a href=\"http:\/\/hanusovice.casd.cz\/wp-content\/uploads\/2015\/03\/P011620-Mi-del.mp3\">http:\/\/hanusovice.casd.cz\/wp-content\/uploads\/2015\/03\/P011620-Mi-del.mp3<\/a><\/audio>\n<p style=\"text-align: justify;\">V po\u0159adu jste tak\u00e9 sly\u0161eli p\u0159\u00edb\u011bh o Abrahamovi a jeho v\u00ed\u0159e. P\u0159ikl\u00e1d\u00e1me texty z Bible, abyste si jej mohli znovu pro\u010d\u00edst a pov\u00eddat si o n\u011bm. Ptejte se:<\/p>\n<ul style=\"text-align: justify;\">\n<li><em>Co je v\u00a0textu nov\u00e9ho, zaj\u00edmav\u00e9ho?<\/em><\/li>\n<li><em>Co p\u0159\u00edb\u011bh \u0159\u00edk\u00e1 o Bohu?<\/em><\/li>\n<li><em>Co p\u0159\u00edb\u011bh \u0159\u00edk\u00e1 o lidech?<\/em><\/li>\n<li><em>Co se m\u016f\u017eu z\u00a0p\u0159\u00edb\u011bhu nau\u010dit?<\/em><\/li>\n<\/ul>\n<p style=\"text-align: justify;\">Budeme r\u00e1di, kdy\u017e n\u00e1m nap\u00ed\u0161ete nejenom sv\u00e9 dotazy, ale i vlastn\u00ed post\u0159ehy, kter\u00e9 mohou b\u00fdt inspirac\u00ed pro druh\u00e9.<\/p>\n<p style=\"text-align: justify;\">P\u0159eji v\u00e1m pokojn\u00fd a radostn\u00fd den<\/p>\n<p style=\"text-align: justify;\">Bro\u0148a Hyvnarov\u00e1<\/p>\n<p style=\"text-align: justify;\">Text pro vyti\u0161t\u011bn\u00ed:\u00a0 <a href=\"http:\/\/hanusovice.casd.cz\/wp-content\/uploads\/2015\/03\/11-Abrahamova-v\u00edra.doc\">11 Abrahamova v\u00edra<\/a><\/p>\n<p style=\"text-align: justify;\"><strong>1. Kniha Moj\u017e\u00ed\u0161ova (Genesis) 21,1-3 <\/strong>\u00a0\u00a0<sup>CEP <\/sup>Hospodin nav\u0161t\u00edvil S\u00e1ru, jak \u0159ekl, a splnil j\u00ed, co sl\u00edbil. \u00a0<sup>2<\/sup> S\u00e1ra ot\u011bhotn\u011bla a Abrahamovi, a\u010dkoli byl st\u00e1r, porodila syna v \u010dase, kter\u00fd mu B\u016fh p\u0159edpov\u011bd\u011bl. \u00a0<sup>3<\/sup> Abraham dal sv\u00e9mu narozen\u00e9mu synu, kter\u00e9ho mu S\u00e1ra porodila, jm\u00e9no Iz\u00e1k.<\/p>\n<p style=\"text-align: justify;\"><strong>\u00a0Genesis\u00a022,1-13<\/strong> Po t\u011bch ud\u00e1lostech cht\u011bl B\u016fh Abrahama vyzkou\u0161et. \u0158ekl mu: &#8222;Abrahame!&#8220; Ten odv\u011btil: &#8222;Tu jsem.&#8220;<\/p>\n<p style=\"text-align: justify;\"><sup>2<\/sup> A B\u016fh \u0159ekl: &#8222;Vezmi sv\u00e9ho jedin\u00e9ho syna Iz\u00e1ka, kter\u00e9ho miluje\u0161, odejdi do zem\u011b M\u00f3rija a tam ho ob\u011btuj jako ob\u011b\u0165 z\u00e1palnou na jedn\u00e9 ho\u0159e, o n\u00ed\u017e ti pov\u00edm!&#8220;<\/p>\n<p style=\"text-align: justify;\"><sup>3<\/sup> Za \u010dasn\u00e9ho jitra osedlal tedy Abraham osla, vzal s sebou dva sv\u00e9 slu\u017eebn\u00edky a sv\u00e9ho syna Iz\u00e1ka, na\u0161t\u00edpal d\u0159\u00edv\u00ed k z\u00e1paln\u00e9 ob\u011bti a vydal se<br \/>\nk m\u00edstu, o n\u011bm\u017e mu B\u016fh pov\u011bd\u011bl.<\/p>\n<p style=\"text-align: justify;\"><sup>4<\/sup> Kdy\u017e se Abraham t\u0159et\u00edho dne rozhl\u00e9dl a spat\u0159il v d\u00e1lce to m\u00edsto, \u00a0<sup>5<\/sup>\u00a0\u0159ekl slu\u017eebn\u00edk\u016fm: &#8222;Po\u010dkejte tu s oslem, j\u00e1 s chlapcem p\u016fjdeme d\u00e1le, vzd\u00e1me poctu Bohu a pak se k v\u00e1m vr\u00e1t\u00edme.&#8220;<\/p>\n<p style=\"text-align: justify;\"><sup>6<\/sup> Abraham vzal d\u0159\u00edv\u00ed k ob\u011bti z\u00e1paln\u00e9 a vlo\u017eil je na sv\u00e9ho syna Iz\u00e1ka; s\u00e1m vzal ohe\u0148 a ob\u011btn\u00ed n\u016f\u017e. A \u0161li oba pospolu. \u00a0<sup>7<\/sup> Tu Iz\u00e1k sv\u00e9ho otce Abrahama oslovil: &#8222;Ot\u010de!&#8220; Ten odv\u011btil: &#8222;Copak, m\u016fj synu?&#8220; Iz\u00e1k se ot\u00e1zal: &#8222;Hle, ohe\u0148 a d\u0159\u00edv\u00ed je zde. Kde v\u0161ak je ber\u00e1nek k z\u00e1paln\u00e9 ob\u011bti?&#8220;<\/p>\n<p style=\"text-align: justify;\"><sup>8<\/sup> Nato Abraham \u0158ekl: &#8222;M\u016fj synu, B\u016fh s\u00e1m si vyhl\u00e9dne ber\u00e1nka k ob\u011bti z\u00e1paln\u00e9.&#8220; A \u0161li oba spolu d\u00e1l. \u00a0<sup>9<\/sup> Kdy\u017e p\u0159i\u0161li na m\u00edsto, o n\u011bm\u017e mu B\u016fh pov\u011bd\u011bl, vybudoval tam Abraham olt\u00e1\u0159, narovnal d\u0159\u00edv\u00ed, sv\u00e1zal sv\u00e9ho syna Iz\u00e1ka do kozelce a polo\u017eil ho na olt\u00e1\u0159, nahoru na d\u0159\u00edv\u00ed. \u00a0<sup>10<\/sup> I vzt\u00e1hl Abraham ruku po ob\u011btn\u00edm no\u017ei, aby sv\u00e9ho syna zabil jako ob\u011btn\u00edho ber\u00e1nka.<\/p>\n<p style=\"text-align: justify;\"><sup>11<\/sup> Vtom na n\u011bho z nebe vol\u00e1 Hospodin\u016fv posel: &#8222;Abrahame, Abrahame!&#8220; Ten odv\u011btil: &#8222;Tu jsem.&#8220; \u00a0<sup>12<\/sup> A posel \u0159ekl: &#8222;Nevztahuj na chlapce ruku, nic mu ned\u011blej! Pr\u00e1v\u011b te\u010f jsem poznal, \u017ee jsi bohabojn\u00fd, nebo\u0165 jsi mi neodep\u0159el sv\u00e9ho jedin\u00e9ho syna.&#8220; \u00a0<sup>13<\/sup> Abraham se rozhl\u00e9dl a vid\u00ed, \u017ee vzadu je beran, kter\u00fd uv\u00edzl sv\u00fdmi rohy v hou\u0161t\u00ed. \u0160el tedy, vzal berana a ob\u011btoval jej v z\u00e1palnou ob\u011b\u0165 m\u00edsto sv\u00e9ho syna.<\/p>\n<p style=\"text-align: justify;\"><a href=\"http:\/\/hanusovice.casd.cz\/wp-content\/uploads\/2015\/03\/DSCF5946.jpg\"><img loading=\"lazy\" decoding=\"async\" class=\"alignnone size-large wp-image-1421\" src=\"http:\/\/hanusovice.casd.cz\/wp-content\/uploads\/2015\/03\/DSCF5946-1024x768.jpg\" alt=\"DSCF5946\" width=\"700\" height=\"525\" srcset=\"https:\/\/hanusovice.casd.cz\/wp-content\/uploads\/2015\/03\/DSCF5946-1024x768.jpg 1024w, https:\/\/hanusovice.casd.cz\/wp-content\/uploads\/2015\/03\/DSCF5946-300x225.jpg 300w\" sizes=\"auto, (max-width: 700px) 100vw, 700px\" \/><\/a><\/p>\n<p style=\"text-align: justify;\">\n","protected":false},"excerpt":{"rendered":"<p>V\u00edt\u00e1m v\u00e1s u dal\u0161\u00edho d\u00edlu \u010cesko-romsk\u00e9ho po\u0159adu Mi del o Del. Co v n\u011bm tentokr\u00e1t usly\u0161\u00edte? &#8211; Bl\u00ed\u017e\u00ed se obdob\u00ed Velikonoc.\u00a0Popele\u010dn\u00ed st\u0159eda, o kter\u00e9 se Rozitka zmi\u0148uje, byla sice u\u017e v \u00fanoru, nicm\u00e9n\u011b, obdob\u00ed p\u016fstu je pro mnoh\u00e9 k\u0159es\u0165any t\u00e9matem st\u00e1le aktu\u00e1ln\u00edm. &#8211; Zaj\u00edm\u00e1 v\u00e1s, co je to p\u016fst, a pro\u010d se k\u0159es\u0165an\u00e9 je\u0161t\u011b i&hellip;<\/p>\n","protected":false},"author":1,"featured_media":1421,"comment_status":"open","ping_status":"open","sticky":false,"template":"","format":"standard","meta":{"ngg_post_thumbnail":0,"footnotes":""},"categories":[23],"tags":[],"class_list":["post-1403","post","type-post","status-publish","format-standard","has-post-thumbnail","hentry","category-vas-tuke"],"_links":{"self":[{"href":"https:\/\/hanusovice.casd.cz\/index.php?rest_route=\/wp\/v2\/posts\/1403","targetHints":{"allow":["GET"]}}],"collection":[{"href":"https:\/\/hanusovice.casd.cz\/index.php?rest_route=\/wp\/v2\/posts"}],"about":[{"href":"https:\/\/hanusovice.casd.cz\/index.php?rest_route=\/wp\/v2\/types\/post"}],"author":[{"embeddable":true,"href":"https:\/\/hanusovice.casd.cz\/index.php?rest_route=\/wp\/v2\/users\/1"}],"replies":[{"embeddable":true,"href":"https:\/\/hanusovice.casd.cz\/index.php?rest_route=%2Fwp%2Fv2%2Fcomments&post=1403"}],"version-history":[{"count":5,"href":"https:\/\/hanusovice.casd.cz\/index.php?rest_route=\/wp\/v2\/posts\/1403\/revisions"}],"predecessor-version":[{"id":1462,"href":"https:\/\/hanusovice.casd.cz\/index.php?rest_route=\/wp\/v2\/posts\/1403\/revisions\/1462"}],"wp:featuredmedia":[{"embeddable":true,"href":"https:\/\/hanusovice.casd.cz\/index.php?rest_route=\/wp\/v2\/media\/1421"}],"wp:attachment":[{"href":"https:\/\/hanusovice.casd.cz\/index.php?rest_route=%2Fwp%2Fv2%2Fmedia&parent=1403"}],"wp:term":[{"taxonomy":"category","embeddable":true,"href":"https:\/\/hanusovice.casd.cz\/index.php?rest_route=%2Fwp%2Fv2%2Fcategories&post=1403"},{"taxonomy":"post_tag","embeddable":true,"href":"https:\/\/hanusovice.casd.cz\/index.php?rest_route=%2Fwp%2Fv2%2Ftags&post=1403"}],"curies":[{"name":"wp","href":"https:\/\/api.w.org\/{rel}","templated":true}]}}